{"id":1287,"date":"2024-12-04T08:01:43","date_gmt":"2024-12-04T08:01:43","guid":{"rendered":"https:\/\/anxietesociale.com\/?p=1287"},"modified":"2025-06-30T09:30:21","modified_gmt":"2025-06-30T09:30:21","slug":"anxiete-sociale-cause","status":"publish","type":"post","link":"https:\/\/anxietysolve.org\/fr\/anxiete-sociale-cause\/","title":{"rendered":"Anxi\u00e9t\u00e9 Sociale : Les 3 Causes Profondes \u00e0 l&#8217;Origine de la Peur du Jugement"},"content":{"rendered":"\n<p>D\u00e9couvrez les vraies causes de l&#8217;anxi\u00e9t\u00e9 sociale : facteurs biologiques, exp\u00e9riences de vie et sch\u00e9mas de pens\u00e9e. Comprendre pour mieux gu\u00e9rir cette peur du jugement.<\/p>\n\n\n\n<p><em>R\u00e9dig\u00e9 par : Dr. Sarah Durand, sp\u00e9cialis\u00e9e en psychologie et sant\u00e9 mentale.<\/em><br><em>Relu et valid\u00e9 m\u00e9dicalement par : Dr. Julien Moreau, Psychiatre et chercheur en neurosciences.<\/em><\/p>\n\n\n\n<blockquote class=\"wp-block-quote is-layout-flow wp-block-quote-is-layout-flow\">\n<p><strong>Avertissement m\u00e9dical :<\/strong> Cet article a pour but d&#8217;informer sur les origines de l&#8217;anxi\u00e9t\u00e9 sociale et ne constitue pas un diagnostic. Pour toute question m\u00e9dicale, veuillez consulter un professionnel de sant\u00e9.<\/p>\n<\/blockquote>\n\n\n\n<div class=\"wp-block-rank-math-toc-block\" id=\"rank-math-toc\"><h2>Table des mati\u00e8res<\/h2><nav><ul><li class=\"\"><a href=\"#introduction-demeler-les-racines-dune-souffrance-complexe\">Introduction : D\u00e9m\u00ealer les Racines d&#8217;une Souffrance Complexe<\/a><\/li><li class=\"\"><a href=\"#origine-1-le-terrain-biologique-quand-la-nature-prepare-le-terrain\">Le Terrain Biologique &#8211; Quand la Nature Pr\u00e9pare le Terrain<\/a><ul><\/ul><\/li><li class=\"\"><a href=\"#origine-2-l-environnement-et-l-histoire-de-vie-quand-l-experience-faconne-la-peur\">L&#8217;Environnement et l&#8217;Histoire de Vie &#8211; Quand l&#8217;Exp\u00e9rience Fa\u00e7onne la Peur<\/a><ul><\/ul><\/li><li class=\"\"><a href=\"#origine-3-les-facteurs-psychologiques-quand-la-pensee-entretient-la-prison\">Les Facteurs Psychologiques &#8211; Quand la Pens\u00e9e Entretient la Prison<\/a><ul><\/ul><\/li><li class=\"\"><a href=\"#l-interaction-complexe-quand-tout-se-combine\">L&#8217;Interaction Complexe : Quand Tout se Combine<\/a><\/li><li class=\"\"><a href=\"#vers-une-comprehension-liberatrice\">Vers une Compr\u00e9hension Lib\u00e9ratrice<\/a><ul><\/ul><\/li><li class=\"\"><a href=\"#conclusion-les-origines-ne-sont-pas-une-condamnation\">Conclusion : Les Origines ne Sont Pas une Condamnation<\/a><\/li><li class=\"\"><a href=\"#questions-frequentes\">Questions Fr\u00e9quentes<\/a><ul><\/ul><\/li><\/ul><\/nav><\/div>\n\n\n\n<h2 class=\"wp-block-heading\" id=\"introduction-demeler-les-racines-dune-souffrance-complexe\">Introduction : D\u00e9m\u00ealer les Racines d&#8217;une Souffrance Complexe<\/h2>\n\n\n\n<p>Pourquoi certaines personnes d\u00e9veloppent-elles une peur paralysante du jugement d&#8217;autrui alors que d&#8217;autres naviguent naturellement dans les interactions sociales ? Cette question hante souvent ceux qui vivent avec l&#8217;<a href=\"https:\/\/anxietysolve.org\/fr\/\">anxi\u00e9t\u00e9 sociale<\/a>, ainsi que leurs proches.<\/p>\n\n\n\n<p>L&#8217;anxi\u00e9t\u00e9 sociale ne surgit pas du n\u00e9ant. Cette terreur qui transforme une simple conversation en \u00e9preuve r\u00e9sulte d&#8217;une interaction sophistiqu\u00e9e entre plusieurs facteurs profond\u00e9ment ancr\u00e9s. Si vous cherchez \u00e0 comprendre d&#8217;o\u00f9 vient cette souffrance &#8211; que ce soit pour vous-m\u00eame ou pour mieux accompagner un proche &#8211; sachez que cette qu\u00eate de compr\u00e9hension constitue d\u00e9j\u00e0 un pas important vers la gu\u00e9rison.<\/p>\n\n\n\n<p>Comprendre les origines de ce trouble n&#8217;est pas qu&#8217;un exercice intellectuel. C&#8217;est un acte lib\u00e9rateur qui permet de r\u00e9aliser une v\u00e9rit\u00e9 fondamentale : <strong>l&#8217;anxi\u00e9t\u00e9 sociale n&#8217;est ni une faiblesse de caract\u00e8re, ni un manque de volont\u00e9, mais le r\u00e9sultat logique d&#8217;une histoire biologique, environnementale et psychologique<\/strong>.<\/p>\n\n\n\n<p>Dans ce guide approfondi, nous explorerons les trois grandes cat\u00e9gories d&#8217;origines de l&#8217;anxi\u00e9t\u00e9 sociale, valid\u00e9es par des d\u00e9cennies de recherche scientifique, pour vous aider \u00e0 saisir la complexit\u00e9 et la l\u00e9gitimit\u00e9 de cette condition.<\/p>\n\n\n\n<h2 class=\"wp-block-heading\" id=\"origine-1-le-terrain-biologique-quand-la-nature-prepare-le-terrain\">Le Terrain Biologique &#8211; Quand la Nature Pr\u00e9pare le Terrain<\/h2>\n\n\n\n<p>Notre constitution biologique forme les fondations sur lesquelles peut se d\u00e9velopper l&#8217;anxi\u00e9t\u00e9 sociale. Certains naissent avec un terrain plus favorable \u00e0 ce trouble, sans que cela constitue pour autant une fatalit\u00e9.<\/p>\n\n\n\n<h3 class=\"wp-block-heading\" id=\"l-heritage-genetique-quand-l-anxiete-se-transmet\">L&#8217;H\u00e9ritage G\u00e9n\u00e9tique : Quand l&#8217;Anxi\u00e9t\u00e9 se Transmet<\/h3>\n\n\n\n<p><strong>Les preuves scientifiques sont formelles<\/strong> : l&#8217;anxi\u00e9t\u00e9 sociale poss\u00e8de une forte composante h\u00e9r\u00e9ditaire qui ne peut \u00eatre ignor\u00e9e.<\/p>\n\n\n\n<p><strong>Les chiffres parlent d&#8217;eux-m\u00eames :<\/strong><\/p>\n\n\n\n<ul class=\"wp-block-list\">\n<li>Avoir un parent du premier degr\u00e9 souffrant d&#8217;anxi\u00e9t\u00e9 sociale <strong>multiplie le risque par 2 \u00e0 6<\/strong><\/li>\n\n\n\n<li>Les \u00e9tudes sur jumeaux montrent une <strong>h\u00e9ritabilit\u00e9 d&#8217;environ 50%<\/strong> pour ce trouble<\/li>\n\n\n\n<li>Cette transmission s&#8217;observe m\u00eame chez les enfants adopt\u00e9s, confirmant le r\u00f4le des g\u00e8nes<\/li>\n<\/ul>\n\n\n\n<p><strong>Le m\u00e9canisme en jeu :<\/strong> Il ne s&#8217;agit pas d&#8217;un unique &#8220;g\u00e8ne de l&#8217;anxi\u00e9t\u00e9 sociale&#8221;, mais plut\u00f4t d&#8217;une <strong>constellation de variants g\u00e9n\u00e9tiques<\/strong> qui influencent notre temp\u00e9rament de base. Certaines personnes h\u00e9ritent naturellement d&#8217;une tendance \u00e0 :<\/p>\n\n\n\n<ul class=\"wp-block-list\">\n<li>L&#8217;inhibition comportementale face \u00e0 la nouveaut\u00e9<\/li>\n\n\n\n<li>Une r\u00e9activit\u00e9 \u00e9motionnelle plus intense<\/li>\n\n\n\n<li>Une sensibilit\u00e9 accrue aux signaux de menace sociale<\/li>\n<\/ul>\n\n\n\n<h3 class=\"wp-block-heading\" id=\"l-architecture-neurologique-un-cerveau-differemment-cable\">L&#8217;Architecture Neurologique : Un Cerveau Diff\u00e9remment C\u00e2bl\u00e9<\/h3>\n\n\n\n<p>Les neurosciences modernes r\u00e9v\u00e8lent des particularit\u00e9s structurelles et fonctionnelles dans le cerveau des personnes anxieuses socialement.<\/p>\n\n\n\n<p><strong>L&#8217;amygdale hyperactive :<\/strong> Cette structure, v\u00e9ritable &#8220;centre d&#8217;alarme&#8221; du cerveau, pr\u00e9sente une hyperr\u00e9activit\u00e9 caract\u00e9ristique. Imaginez un d\u00e9tecteur de fum\u00e9e r\u00e9gl\u00e9 sur la sensibilit\u00e9 maximale : il se d\u00e9clenche avec la violence d&#8217;une alarme incendie pour la moindre &#8220;fum\u00e9e sociale&#8221; &#8211; un regard prolong\u00e9, une prise de parole, un silence.<\/p>\n\n\n\n<p><strong>Dysfonctionnements des circuits neuronaux :<\/strong><\/p>\n\n\n\n<ul class=\"wp-block-list\">\n<li><strong>Circuit fronto-limbique perturb\u00e9<\/strong> : Communication d\u00e9faillante entre les zones \u00e9motionnelles (amygdale) et rationnelles (cortex pr\u00e9frontal)<\/li>\n\n\n\n<li><strong>Hyperactivation du cortex cingulaire ant\u00e9rieur<\/strong> : Zone impliqu\u00e9e dans l&#8217;anticipation de la douleur sociale<\/li>\n\n\n\n<li><strong>D\u00e9ficit du syst\u00e8me de r\u00e9compense sociale<\/strong> : Moins de plaisir retir\u00e9 des interactions positives<\/li>\n<\/ul>\n\n\n\n<p><strong>D\u00e9s\u00e9quilibres neurochimiques :<\/strong> Plusieurs neurotransmetteurs sont impliqu\u00e9s :<\/p>\n\n\n\n<ul class=\"wp-block-list\">\n<li><strong>S\u00e9rotonine<\/strong> : D\u00e9ficit fr\u00e9quent, expliquant l&#8217;efficacit\u00e9 des antid\u00e9presseurs ISRS<\/li>\n\n\n\n<li><strong>GABA<\/strong> : Syst\u00e8me calmant souvent d\u00e9faillant<\/li>\n\n\n\n<li><strong>Dopamine<\/strong> : Alt\u00e9ration du syst\u00e8me de motivation sociale<\/li>\n<\/ul>\n\n\n\n<h2 class=\"wp-block-heading\" id=\"origine-2-l-environnement-et-l-histoire-de-vie-quand-l-experience-faconne-la-peur\">L&#8217;Environnement et l&#8217;Histoire de Vie &#8211; Quand l&#8217;Exp\u00e9rience Fa\u00e7onne la Peur<\/h2>\n\n\n\n<p>Si la biologie pr\u00e9pare le terrain, c&#8217;est l&#8217;environnement qui d\u00e9termine si et comment l&#8217;anxi\u00e9t\u00e9 sociale va s&#8217;exprimer. Nos exp\u00e9riences, surtout pr\u00e9coces, programment litt\u00e9ralement nos r\u00e9actions futures.<\/p>\n\n\n\n<h3 class=\"wp-block-heading\" id=\"l-influence-des-modeles-parentaux-les-premieres-lecons-sociales\">L&#8217;Influence des Mod\u00e8les Parentaux : Les Premi\u00e8res Le\u00e7ons Sociales<\/h3>\n\n\n\n<p>La famille constitue notre premier laboratoire social, et les patterns qu&#8217;on y observe marquent durablement notre rapport aux autres.<\/p>\n\n\n\n<p><strong>Parents anxieux socialement :<\/strong> Les enfants apprennent par imitation et absorption \u00e9motionnelle. Un parent qui redoute constamment le jugement transmet involontairement deux messages toxiques :<\/p>\n\n\n\n<ul class=\"wp-block-list\">\n<li><em>&#8220;Le monde social est un territoire dangereux&#8221;<\/em><\/li>\n\n\n\n<li><em>&#8220;Il faut \u00eatre parfait pour m\u00e9riter l&#8217;acceptation&#8221;<\/em><\/li>\n<\/ul>\n\n\n\n<p><strong>Style \u00e9ducatif surprotecteur :<\/strong> Paradoxalement, un exc\u00e8s de protection peut favoriser l&#8217;anxi\u00e9t\u00e9 sociale. En \u00e9vitant syst\u00e9matiquement \u00e0 l&#8217;enfant toute confrontation sociale inconfortable, les parents bien intentionn\u00e9s l&#8217;emp\u00eachent de d\u00e9velopper ses &#8220;muscles&#8221; de r\u00e9silience sociale.<\/p>\n\n\n\n<p><strong>Parentalit\u00e9 critique ou perfectionniste :<\/strong> Un environnement o\u00f9 chaque performance est scrut\u00e9e, o\u00f9 les erreurs sont soulign\u00e9es, o\u00f9 l&#8217;amour semble conditionnel aux r\u00e9ussites, cultive une peur chronique de l&#8217;\u00e9valuation.<\/p>\n\n\n\n<h3 class=\"wp-block-heading\" id=\"les-traumatismes-sociaux-quand-l-interaction-devient-synonyme-de-douleur\">Les Traumatismes Sociaux : Quand l&#8217;Interaction Devient Synonyme de Douleur<\/h3>\n\n\n\n<p>Les exp\u00e9riences traumatisantes, surtout durant l&#8217;enfance et l&#8217;adolescence, peuvent cr\u00e9er des associations durables entre socialisation et souffrance.<\/p>\n\n\n\n<p><strong>Le harc\u00e8lement : cicatrices invisibles, impact durable<\/strong> \u00catre victime de moqueries, rejets ou humiliations r\u00e9p\u00e9t\u00e9es durant les ann\u00e9es formatrices laisse des traces neurologiques profondes. Le cerveau d\u00e9veloppe une hypervigilance permanente, interpr\u00e9tant chaque nouvelle situation sociale comme potentiellement dangereuse.<\/p>\n\n\n\n<p><strong>Humiliations publiques marquantes :<\/strong> Parfois, un seul \u00e9pisode particuli\u00e8rement traumatisant suffit :<\/p>\n\n\n\n<ul class=\"wp-block-list\">\n<li>Une pr\u00e9sentation scolaire tournant au d\u00e9sastre<\/li>\n\n\n\n<li>Des moqueries sur l&#8217;apparence physique<\/li>\n\n\n\n<li>Une tentative de rapprochement amoureux publiquement rejet\u00e9e<\/li>\n<\/ul>\n\n\n\n<p><strong>Critiques r\u00e9p\u00e9t\u00e9es et invalidation \u00e9motionnelle :<\/strong> Un environnement o\u00f9 l&#8217;enfant entend constamment qu&#8217;il &#8220;parle trop&#8221;, qu&#8217;il est &#8220;bizarre&#8221;, qu&#8217;il &#8220;dit n&#8217;importe quoi&#8221; forge une conviction profonde d&#8217;inad\u00e9quation sociale.<\/p>\n\n\n\n<h3 class=\"wp-block-heading\" id=\"les-deficits-d-apprentissage-social-quand-les-competences-manquent\">Les D\u00e9ficits d&#8217;Apprentissage Social : Quand les Comp\u00e9tences Manquent<\/h3>\n\n\n\n<p><strong>Isolement pr\u00e9coce :<\/strong> Les enfants ayant eu peu d&#8217;opportunit\u00e9s d&#8217;interaction sociale (maladie chronique, d\u00e9m\u00e9nagements r\u00e9p\u00e9t\u00e9s, timidit\u00e9 extr\u00eame) peuvent manquer des apprentissages sociaux cruciaux, cr\u00e9ant un cercle vicieux d&#8217;incomp\u00e9tence per\u00e7ue.<\/p>\n\n\n\n<p><strong>Diff\u00e9rences neurod\u00e9veloppementales :<\/strong> Certaines conditions (autisme l\u00e9ger, TDAH, troubles du langage) peuvent compliquer les interactions sociales pr\u00e9coces et favoriser le d\u00e9veloppement d&#8217;une anxi\u00e9t\u00e9 secondaire.<\/p>\n\n\n\n<h2 class=\"wp-block-heading\" id=\"origine-3-les-facteurs-psychologiques-quand-la-pensee-entretient-la-prison\">Les Facteurs Psychologiques &#8211; Quand la Pens\u00e9e Entretient la Prison<\/h2>\n\n\n\n<p>Si la biologie et l&#8217;histoire cr\u00e9ent les conditions, ce sont nos sch\u00e9mas de pens\u00e9e qui maintiennent et amplifient quotidiennement l&#8217;anxi\u00e9t\u00e9 sociale.<\/p>\n\n\n\n<h3 class=\"wp-block-heading\" id=\"les-croyances-fondamentales-dysfonctionnelles\">Les Croyances Fondamentales Dysfonctionnelles<\/h3>\n\n\n\n<p>Au c\u0153ur du trouble se nichent des convictions profondes, souvent inconscientes, qui colorent chaque interaction sociale.<\/p>\n\n\n\n<p><strong>Croyances sur soi-m\u00eame :<\/strong><\/p>\n\n\n\n<ul class=\"wp-block-list\">\n<li><em>&#8220;Je suis fondamentalement d\u00e9faillant et les autres vont forc\u00e9ment s&#8217;en apercevoir&#8221;<\/em><\/li>\n\n\n\n<li><em>&#8220;Je n&#8217;ai rien d&#8217;int\u00e9ressant \u00e0 apporter dans une conversation&#8221;<\/em><\/li>\n\n\n\n<li><em>&#8220;Si je montre la moindre imperfection, je serai rejet\u00e9&#8221;<\/em><\/li>\n<\/ul>\n\n\n\n<p><strong>Croyances sur les autres :<\/strong><\/p>\n\n\n\n<ul class=\"wp-block-list\">\n<li><em>&#8220;Les gens sont constamment en train de me juger et de me critiquer&#8221;<\/em><\/li>\n\n\n\n<li><em>&#8220;Tout le monde est plus comp\u00e9tent socialement que moi&#8221;<\/em><\/li>\n\n\n\n<li><em>&#8220;Les autres remarquent imm\u00e9diatement mes d\u00e9fauts&#8221;<\/em><\/li>\n<\/ul>\n\n\n\n<p><strong>Croyances sur les interactions sociales :<\/strong><\/p>\n\n\n\n<ul class=\"wp-block-list\">\n<li><em>&#8220;Faire une erreur en public est catastrophique&#8221;<\/em><\/li>\n\n\n\n<li><em>&#8220;Je dois absolument contr\u00f4ler l&#8217;impression que je donne&#8221;<\/em><\/li>\n\n\n\n<li><em>&#8220;\u00catre anxieux en public r\u00e9v\u00e8le ma faiblesse&#8221;<\/em><\/li>\n<\/ul>\n\n\n\n<h3 class=\"wp-block-heading\" id=\"les-distorsions-cognitives-quand-l-esprit-nous-joue-des-tours\">Les Distorsions Cognitives : Quand l&#8217;Esprit Nous Joue des Tours<\/h3>\n\n\n\n<p>Le cerveau anxieux d\u00e9veloppe des &#8220;bugs&#8221; d&#8217;interpr\u00e9tation syst\u00e9matiques qui maintiennent et renforcent la peur.<\/p>\n\n\n\n<p><strong>Focalisation attentionnelle biais\u00e9e :<\/strong> L&#8217;attention se concentre quasi exclusivement sur :<\/p>\n\n\n\n<ul class=\"wp-block-list\">\n<li>Les signaux internes d&#8217;anxi\u00e9t\u00e9 (palpitations, rougeurs, tremblements)<\/li>\n\n\n\n<li>Les indices ext\u00e9rieurs de menace (froncements de sourcils, silences, d\u00e9tournements de regard)<\/li>\n\n\n\n<li>Tout en n\u00e9gligeant les signaux positifs (sourires, hochements de t\u00eate, int\u00e9r\u00eat manifest\u00e9)<\/li>\n<\/ul>\n\n\n\n<p><strong>Interpr\u00e9tations catastrophiques :<\/strong> Chaque ambigu\u00eft\u00e9 est r\u00e9solue dans le sens le plus n\u00e9gatif :<\/p>\n\n\n\n<ul class=\"wp-block-list\">\n<li>Un b\u00e2illement devient &#8220;il s&#8217;ennuie avec moi&#8221;<\/li>\n\n\n\n<li>Un regard ailleurs signifie &#8220;il me trouve inint\u00e9ressant&#8221;<\/li>\n\n\n\n<li>Un silence \u00e9quivaut \u00e0 &#8220;personne n&#8217;appr\u00e9cie ma pr\u00e9sence&#8221;<\/li>\n<\/ul>\n\n\n\n<p><strong>Ruminations post-mortems :<\/strong> Apr\u00e8s chaque interaction, un processus d&#8217;analyse impitoyable se met en place :<\/p>\n\n\n\n<ul class=\"wp-block-list\">\n<li>Dissection de chaque parole prononc\u00e9e<\/li>\n\n\n\n<li>Recherche obsessionnelle des erreurs commises<\/li>\n\n\n\n<li>Amplification des moments g\u00eanants<\/li>\n\n\n\n<li>Minimisation des aspects positifs<\/li>\n<\/ul>\n\n\n\n<p><strong>Pr\u00e9dictions auto-r\u00e9alisatrices :<\/strong> Les anticipations n\u00e9gatives influencent le comportement, cr\u00e9ant parfois les r\u00e9sultats redout\u00e9s :<\/p>\n\n\n\n<ul class=\"wp-block-list\">\n<li>La peur d&#8217;\u00eatre rejet\u00e9 pousse \u00e0 se tenir \u00e0 l&#8217;\u00e9cart<\/li>\n\n\n\n<li>La crainte de dire quelque chose de stupide provoque le mutisme<\/li>\n\n\n\n<li>L&#8217;angoisse d&#8217;\u00eatre jug\u00e9 g\u00e9n\u00e8re des comportements effectivement \u00e9tranges<\/li>\n<\/ul>\n\n\n\n<h2 class=\"wp-block-heading\" id=\"l-interaction-complexe-quand-tout-se-combine\">L&#8217;Interaction Complexe : Quand Tout se Combine<\/h2>\n\n\n\n<p>Dans la r\u00e9alit\u00e9, ces trois cat\u00e9gories d&#8217;origines ne fonctionnent jamais de mani\u00e8re isol\u00e9e. Elles s&#8217;entrem\u00ealent dans une danse complexe o\u00f9 chaque facteur influence et amplifie les autres.<\/p>\n\n\n\n<p><strong>Exemple typique de d\u00e9veloppement :<\/strong><\/p>\n\n\n\n<ol class=\"wp-block-list\">\n<li><strong>Terrain biologique<\/strong> : Enfant n\u00e9 avec une sensibilit\u00e9 \u00e9motionnelle \u00e9lev\u00e9e<\/li>\n\n\n\n<li><strong>Facteur environnemental<\/strong> : \u00c9pisode de harc\u00e8lement scolaire vers 12 ans<\/li>\n\n\n\n<li><strong>Cons\u00e9quences psychologiques<\/strong> : D\u00e9veloppement de croyances comme &#8220;Je suis diff\u00e9rent et les autres me rejettent&#8221;<\/li>\n\n\n\n<li><strong>Cercle vicieux<\/strong> : \u00c9vitement social \u2192 Manque de pratique \u2192 Confirmation des croyances n\u00e9gatives<\/li>\n<\/ol>\n\n\n\n<h2 class=\"wp-block-heading\" id=\"vers-une-comprehension-liberatrice\">Vers une Compr\u00e9hension Lib\u00e9ratrice<\/h2>\n\n\n\n<h3 class=\"wp-block-heading\" id=\"ce-que-revele-cette-analyse\">Ce que R\u00e9v\u00e8le cette Analyse<\/h3>\n\n\n\n<p>Comprendre ces origines multiples r\u00e9v\u00e8le plusieurs v\u00e9rit\u00e9s lib\u00e9ratrices :<\/p>\n\n\n\n<p><strong>L&#8217;anxi\u00e9t\u00e9 sociale est logique :<\/strong> Elle r\u00e9sulte d&#8217;une combinaison compr\u00e9hensible de facteurs, pas d&#8217;une faiblesse personnelle.<\/p>\n\n\n\n<p><strong>Vous n&#8217;\u00eates pas responsable de son apparition :<\/strong> Personne ne choisit son patrimoine g\u00e9n\u00e9tique ou ses exp\u00e9riences traumatisantes d&#8217;enfance.<\/p>\n\n\n\n<p><strong>Mais vous pouvez influencer son \u00e9volution :<\/strong> Si les facteurs biologiques sont fixes, les aspects psychologiques et comportementaux peuvent \u00eatre modifi\u00e9s.<\/p>\n\n\n\n<h3 class=\"wp-block-heading\" id=\"les-implications-therapeutiques\">Les Implications Th\u00e9rapeutiques<\/h3>\n\n\n\n<p>Cette compr\u00e9hension des origines guide directement les approches de traitement :<\/p>\n\n\n\n<p><strong>Pour les aspects biologiques :<\/strong> M\u00e9dication possible si n\u00e9cessaire, acceptation du temp\u00e9rament de base.<\/p>\n\n\n\n<p><strong>Pour les traumatismes pass\u00e9s :<\/strong> Th\u00e9rapies de traitement des traumatismes, restructuration des souvenirs douloureux.<\/p>\n\n\n\n<p><strong>Pour les sch\u00e9mas cognitifs :<\/strong> Th\u00e9rapies cognitivo-comportementales, remise en question des croyances dysfonctionnelles.<\/p>\n\n\n\n<h2 class=\"wp-block-heading\" id=\"conclusion-les-origines-ne-sont-pas-une-condamnation\">Conclusion : Les Origines ne Sont Pas une Condamnation<\/h2>\n\n\n\n<p>Saisir les racines profondes de l&#8217;anxi\u00e9t\u00e9 sociale constitue un acte profond\u00e9ment lib\u00e9rateur. Cela permet de sortir de la culpabilit\u00e9 st\u00e9rile pour entrer dans une compr\u00e9hension bienveillante de sa propre histoire.<\/p>\n\n\n\n<p>Votre anxi\u00e9t\u00e9 sociale n&#8217;est pas apparue par hasard. Elle est le r\u00e9sultat logique d&#8217;une rencontre entre votre constitution biologique, votre histoire de vie et vos sch\u00e9mas de pens\u00e9e. Cette r\u00e9alit\u00e9, loin d&#8217;\u00eatre d\u00e9courageante, ouvre la voie \u00e0 l&#8217;espoir.<\/p>\n\n\n\n<p><strong>Car si ces sch\u00e9mas ont pu \u00eatre appris, ils peuvent aussi \u00eatre d\u00e9sappris.<\/strong> C&#8217;est pr\u00e9cis\u00e9ment l&#8217;objectif des th\u00e9rapies modernes : identifier les facteurs modifiables pour reprogrammer progressivement vos r\u00e9actions aux situations sociales.<\/p>\n\n\n\n<p>Conna\u00eetre l&#8217;ennemi, c&#8217;est d\u00e9j\u00e0 commencer \u00e0 le vaincre. Votre parcours vers une libert\u00e9 sociale retrouv\u00e9e commence par cette compr\u00e9hension compassionnelle de vos propres origines.<\/p>\n\n\n\n<h2 class=\"wp-block-heading\" id=\"questions-frequentes\">Questions Fr\u00e9quentes<\/h2>\n\n\n\n<h3 class=\"wp-block-heading\" id=\"tout-le-monde-a-t-il-les-trois-types-dorigines\">Tout le monde a-t-il les trois types d&#8217;origines ?<\/h3>\n\n\n\n<p>En g\u00e9n\u00e9ral, l&#8217;anxi\u00e9t\u00e9 sociale r\u00e9sulte effectivement d&#8217;une combinaison des trois facteurs, mais leur importance relative varie consid\u00e9rablement d&#8217;une personne \u00e0 l&#8217;autre. Certains pr\u00e9senteront une forte composante traumatique avec peu de pr\u00e9disposition g\u00e9n\u00e9tique, tandis que d&#8217;autres na\u00eetront avec un terrain tr\u00e8s sensible mais sans trauma majeur.<\/p>\n\n\n\n<h3 class=\"wp-block-heading\" id=\"une-origine-genetique-signifie-t-elle-limpossibilite-de-guerir\">Une origine g\u00e9n\u00e9tique signifie-t-elle l&#8217;impossibilit\u00e9 de gu\u00e9rir ?<\/h3>\n\n\n\n<p>Absolument pas. La g\u00e9n\u00e9tique cr\u00e9e une pr\u00e9disposition, pas une destin\u00e9e. C&#8217;est comparable \u00e0 avoir une peau claire : vous ne pouvez pas changer votre phototype, mais vous pouvez apprendre \u00e0 utiliser une protection solaire efficace. Les strat\u00e9gies th\u00e9rapeutiques permettent de g\u00e9rer tr\u00e8s efficacement m\u00eame les pr\u00e9dispositions les plus importantes.<\/p>\n\n\n\n<h3 class=\"wp-block-heading\" id=\"les-reseaux-sociaux-peuvent-ils-causer-lanxiete-sociale\">Les r\u00e9seaux sociaux peuvent-ils causer l&#8217;anxi\u00e9t\u00e9 sociale ?<\/h3>\n\n\n\n<p>Les r\u00e9seaux sociaux constituent rarement la cause premi\u00e8re, mais ils peuvent consid\u00e9rablement aggraver une anxi\u00e9t\u00e9 sociale pr\u00e9existante. Ils favorisent la comparaison sociale constante, le perfectionnisme et la peur du jugement (likes, commentaires), cr\u00e9ant un environnement particuli\u00e8rement toxique pour les personnes pr\u00e9dispos\u00e9es.<\/p>\n\n\n\n<h3 class=\"wp-block-heading\" id=\"peut-on-developper-ce-trouble-a-lage-adulte-sans-antecedents\">Peut-on d\u00e9velopper ce trouble \u00e0 l&#8217;\u00e2ge adulte sans ant\u00e9c\u00e9dents ?<\/h3>\n\n\n\n<p>C&#8217;est possible, bien que moins fr\u00e9quent. Un traumatisme social s\u00e9v\u00e8re \u00e0 l&#8217;\u00e2ge adulte (humiliation professionnelle majeure, rupture publique difficile) peut parfois d\u00e9clencher une anxi\u00e9t\u00e9 sociale chez des personnes pr\u00e9c\u00e9demment \u00e9pargn\u00e9es, surtout si elles pr\u00e9sentaient une sensibilit\u00e9 biologique latente.<\/p>\n\n\n\n<h3 class=\"wp-block-heading\" id=\"comment-savoir-quelle-origine-predomine-dans-mon-cas\">Comment savoir quelle origine pr\u00e9domine dans mon cas ?<\/h3>\n\n\n\n<p>Un professionnel de sant\u00e9 mentale peut vous aider \u00e0 identifier les facteurs les plus significatifs dans votre histoire personnelle. Cette analyse permet d&#8217;adapter le traitement : th\u00e9rapie centr\u00e9e sur les traumatismes, travail cognitif, m\u00e9dication, ou combinaison d&#8217;approches selon votre profil sp\u00e9cifique.<\/p>\n\n\n\n<p><\/p>\n","protected":false},"excerpt":{"rendered":"<p>L\u2019anxi\u00e9t\u00e9 sociale cause est l\u2019un des troubles psychologiques les plus courants, touchant des millions de personnes dans le monde<\/p>\n","protected":false},"author":1,"featured_media":1288,"comment_status":"open","ping_status":"open","sticky":false,"template":"","format":"standard","meta":{"_monsterinsights_skip_tracking":false,"_monsterinsights_sitenote_active":false,"_monsterinsights_sitenote_note":"","_monsterinsights_sitenote_category":0,"_kad_post_transparent":"","_kad_post_title":"","_kad_post_layout":"","_kad_post_sidebar_id":"","_kad_post_content_style":"","_kad_post_vertical_padding":"","_kad_post_feature":"","_kad_post_feature_position":"","_kad_post_header":false,"_kad_post_footer":false,"footnotes":""},"categories":[27],"tags":[],"class_list":["post-1287","post","type-post","status-publish","format-standard","has-post-thumbnail","hentry","category-tout-ce-que-vous-devez-savoir-sur-lanxiete-sociale"],"_links":{"self":[{"href":"https:\/\/anxietysolve.org\/fr\/wp-json\/wp\/v2\/posts\/1287","targetHints":{"allow":["GET"]}}],"collection":[{"href":"https:\/\/anxietysolve.org\/fr\/wp-json\/wp\/v2\/posts"}],"about":[{"href":"https:\/\/anxietysolve.org\/fr\/wp-json\/wp\/v2\/types\/post"}],"author":[{"embeddable":true,"href":"https:\/\/anxietysolve.org\/fr\/wp-json\/wp\/v2\/users\/1"}],"replies":[{"embeddable":true,"href":"https:\/\/anxietysolve.org\/fr\/wp-json\/wp\/v2\/comments?post=1287"}],"version-history":[{"count":3,"href":"https:\/\/anxietysolve.org\/fr\/wp-json\/wp\/v2\/posts\/1287\/revisions"}],"predecessor-version":[{"id":1907,"href":"https:\/\/anxietysolve.org\/fr\/wp-json\/wp\/v2\/posts\/1287\/revisions\/1907"}],"wp:featuredmedia":[{"embeddable":true,"href":"https:\/\/anxietysolve.org\/fr\/wp-json\/wp\/v2\/media\/1288"}],"wp:attachment":[{"href":"https:\/\/anxietysolve.org\/fr\/wp-json\/wp\/v2\/media?parent=1287"}],"wp:term":[{"taxonomy":"category","embeddable":true,"href":"https:\/\/anxietysolve.org\/fr\/wp-json\/wp\/v2\/categories?post=1287"},{"taxonomy":"post_tag","embeddable":true,"href":"https:\/\/anxietysolve.org\/fr\/wp-json\/wp\/v2\/tags?post=1287"}],"curies":[{"name":"wp","href":"https:\/\/api.w.org\/{rel}","templated":true}]}}