{"id":1888,"date":"2025-06-30T08:37:05","date_gmt":"2025-06-30T08:37:05","guid":{"rendered":"https:\/\/anxietysolve.org\/fr\/?p=1888"},"modified":"2025-06-30T08:37:07","modified_gmt":"2025-06-30T08:37:07","slug":"anxiete-sociale-comprendre-ce-trouble-au-dela-de-la-simple-timidite","status":"publish","type":"post","link":"https:\/\/anxietysolve.org\/fr\/anxiete-sociale-comprendre-ce-trouble-au-dela-de-la-simple-timidite\/","title":{"rendered":"Anxi\u00e9t\u00e9 Sociale : Comprendre ce Trouble au-del\u00e0 de la Simple Timidit\u00e9"},"content":{"rendered":"\n<p> Qu&#8217;est-ce que l&#8217;anxi\u00e9t\u00e9 sociale ? D\u00e9couvrez la d\u00e9finition compl\u00e8te de ce trouble, ses causes profondes et comment la distinguer clairement de la timidit\u00e9 ordinaire.<\/p>\n\n\n\n<p><em>R\u00e9dig\u00e9 par : Marie Dubois, sp\u00e9cialis\u00e9e en psychologie et sant\u00e9 mentale.<\/em><br><em>Relu et valid\u00e9 m\u00e9dicalement par : Dr. David Lemoine, Psychiatre.<\/em><\/p>\n\n\n\n<blockquote class=\"wp-block-quote is-layout-flow wp-block-quote-is-layout-flow\">\n<p><strong>Avertissement m\u00e9dical :<\/strong> Cet article fournit des informations bas\u00e9es sur des sources scientifiques et ne remplace en aucun cas un diagnostic m\u00e9dical. Si vous vous reconnaissez dans cette description, consultez un professionnel de sant\u00e9.<\/p>\n<\/blockquote>\n\n\n\n<div class=\"wp-block-rank-math-toc-block\" id=\"rank-math-toc\"><h2>Table des mati\u00e8res<\/h2><nav><ul><li class=\"\"><a href=\"#introduction-bien-plus-quun-simple-trac\">Introduction : Bien Plus Qu&#8217;un Simple &#8220;Trac&#8221;<\/a><\/li><li class=\"\"><a href=\"#quest-ce-que-l-anxiete-sociale-definition-clinique\">Qu&#8217;est-ce que l&#8217;Anxi\u00e9t\u00e9 Sociale ? D\u00e9finition Clinique<\/a><ul><\/ul><\/li><li class=\"\"><a href=\"#la-distinction-cruciale-anxiete-sociale-vs-timidite\">La Distinction Cruciale : Anxi\u00e9t\u00e9 Sociale vs Timidit\u00e9<\/a><ul><\/ul><\/li><li class=\"\"><a href=\"#les-origines-complexes-pourquoi-developpe-t-on-une-anxiete-sociale\">Les Origines Complexes : Pourquoi D\u00e9veloppe-t-on une Anxi\u00e9t\u00e9 Sociale ?<\/a><ul><\/ul><\/li><li class=\"\"><a href=\"#les-manifestations-concretes-comment-ce-trouble-se-revele-t-il\">Les Manifestations Concr\u00e8tes : Comment ce Trouble se R\u00e9v\u00e8le-t-il ?<\/a><ul><\/ul><\/li><li class=\"\"><a href=\"#vers-une-prise-en-charge-adaptee\">Vers une Prise en Charge Adapt\u00e9e<\/a><ul><\/ul><\/li><li class=\"\"><a href=\"#conclusion-comprendre-pour-mieux-guerir\">Conclusion : Comprendre pour Mieux Gu\u00e9rir<\/a><\/li><li class=\"\"><a href=\"#questions-frequentes\">Questions Fr\u00e9quentes<\/a><ul><\/ul><\/li><\/ul><\/nav><\/div>\n\n\n\n<h2 class=\"wp-block-heading\" id=\"introduction-bien-plus-quun-simple-trac\">Introduction : Bien Plus Qu&#8217;un Simple &#8220;Trac&#8221;<\/h2>\n\n\n\n<p>Vous ressentez une terreur paralysante \u00e0 l&#8217;id\u00e9e de prendre la parole en public ? La simple perspective d&#8217;une conversation avec un inconnu vous donne des sueurs froides ? Ces r\u00e9actions d\u00e9passent largement le trac ordinaire ou la g\u00eane passag\u00e8re.<\/p>\n\n\n\n<p>L&#8217;<a href=\"https:\/\/anxietysolve.org\/fr\/\">anxi\u00e9t\u00e9 sociale<\/a> repr\u00e9sente un v\u00e9ritable trouble psychologique qui affecte pr\u00e8s de 7% de la population. Souvent confondue avec la timidit\u00e9, elle constitue pourtant une condition m\u00e9dicale distincte qui peut s\u00e9rieusement handicaper la vie quotidienne.<\/p>\n\n\n\n<p>Dans ce guide complet, nous explorerons la nature profonde de ce trouble : sa d\u00e9finition clinique pr\u00e9cise, ses origines complexes, et surtout comment la distinguer de la simple r\u00e9serve naturelle. Comprendre cette condition est le premier pas vers une prise en charge efficace.<\/p>\n\n\n\n<h2 class=\"wp-block-heading\" id=\"quest-ce-que-l-anxiete-sociale-definition-clinique\">Qu&#8217;est-ce que l&#8217;Anxi\u00e9t\u00e9 Sociale ? D\u00e9finition Clinique<\/h2>\n\n\n\n<p>L&#8217;anxi\u00e9t\u00e9 sociale, \u00e9galement appel\u00e9e phobie sociale, est un trouble anxieux caract\u00e9ris\u00e9 par une <strong>peur intense, persistante et irrationnelle des situations d&#8217;interaction ou de performance sociale<\/strong>. La personne qui en souffre redoute par-dessus tout d&#8217;agir de mani\u00e8re embarrassante et d&#8217;\u00eatre jug\u00e9e n\u00e9gativement par son entourage.<\/p>\n\n\n\n<p>Cette condition va bien au-del\u00e0 du simple inconfort social. Elle provoque une d\u00e9tresse psychologique significative et pousse \u00e0 l&#8217;\u00e9vitement actif des situations redout\u00e9es, cr\u00e9ant un handicap r\u00e9el dans la vie personnelle et professionnelle.<\/p>\n\n\n\n<h3 class=\"wp-block-heading\" id=\"les-criteres-diagnostiques-officiels\">Les Crit\u00e8res Diagnostiques Officiels<\/h3>\n\n\n\n<p>Selon le Manuel Diagnostique et Statistique des troubles mentaux (DSM-5), la r\u00e9f\u00e9rence internationale en psychiatrie, ce trouble se caract\u00e9rise par :<\/p>\n\n\n\n<p><strong>Peur marqu\u00e9e et syst\u00e9matique<\/strong> des situations o\u00f9 la personne est expos\u00e9e \u00e0 l&#8217;observation d&#8217;autrui, particuli\u00e8rement lors d&#8217;interactions sociales ou de performances.<\/p>\n\n\n\n<p><strong>Crainte intense de montrer des signes d&#8217;anxi\u00e9t\u00e9<\/strong> (rougir, trembler, transpirer) qui seraient remarqu\u00e9s et jug\u00e9s n\u00e9gativement par les autres.<\/p>\n\n\n\n<p><strong>\u00c9vitement syst\u00e9matique<\/strong> des situations sociales redout\u00e9es, ou confrontation avec une anxi\u00e9t\u00e9 extr\u00eame qui peut aller jusqu&#8217;\u00e0 l&#8217;attaque de panique.<\/p>\n\n\n\n<p><strong>Disproportion \u00e9vidente<\/strong> entre la peur ressentie et la menace r\u00e9elle que repr\u00e9sente la situation sociale.<\/p>\n\n\n\n<p><strong>Persistance des sympt\u00f4mes<\/strong> pendant au moins six mois, avec un impact n\u00e9gatif mesurable sur la vie sociale, professionnelle ou scolaire.<\/p>\n\n\n\n<p><strong>Souffrance significative<\/strong> ou alt\u00e9ration du fonctionnement dans les domaines importants de la vie.<\/p>\n\n\n\n<p>Cette d\u00e9finition souligne un point crucial : il ne s&#8217;agit pas d&#8217;une simple pr\u00e9f\u00e9rence pour la solitude, mais d&#8217;une souffrance profonde li\u00e9e \u00e0 la peur du jugement, qui entrave la capacit\u00e9 naturelle \u00e0 cr\u00e9er des liens et \u00e0 s&#8217;\u00e9panouir socialement.<\/p>\n\n\n\n<h2 class=\"wp-block-heading\" id=\"la-distinction-cruciale-anxiete-sociale-vs-timidite\">La Distinction Cruciale : Anxi\u00e9t\u00e9 Sociale vs Timidit\u00e9<\/h2>\n\n\n\n<p>Cette confusion repr\u00e9sente l&#8217;un des obstacles majeurs \u00e0 la reconnaissance du trouble. Beaucoup minimisent l&#8217;anxi\u00e9t\u00e9 sociale en parlant de &#8220;grande timidit\u00e9&#8221;, ce qui peut retarder dangereusement la recherche d&#8217;aide appropri\u00e9e.<\/p>\n\n\n\n<h3 class=\"wp-block-heading\" id=\"tableau-comparatif-detaille\">Tableau Comparatif D\u00e9taill\u00e9<\/h3>\n\n\n\n<figure class=\"wp-block-table\"><table class=\"has-fixed-layout\"><thead><tr><th>Aspect<\/th><th>Timidit\u00e9 (Trait de Personnalit\u00e9)<\/th><th>Anxi\u00e9t\u00e9 Sociale (Trouble Clinique)<\/th><\/tr><\/thead><tbody><tr><td><strong>Nature fondamentale<\/strong><\/td><td>Inconfort l\u00e9ger dans les situations nouvelles<\/td><td>Peur panique du jugement et de l&#8217;humiliation<\/td><\/tr><tr><td><strong>Intensit\u00e9 \u00e9motionnelle<\/strong><\/td><td>Nervosit\u00e9 g\u00e9rable qui s&#8217;estompe naturellement<\/td><td>Angoisse intense pouvant d\u00e9clencher des attaques de panique<\/td><\/tr><tr><td><strong>Impact fonctionnel<\/strong><\/td><td>Permet de participer aux \u00e9v\u00e9nements importants malgr\u00e9 la g\u00eane<\/td><td>\u00c9vitement syst\u00e9matique compromettant emploi, relations et opportunit\u00e9s<\/td><\/tr><tr><td><strong>Dur\u00e9e des effets<\/strong><\/td><td>Malaise temporaire, oubli rapide de l&#8217;\u00e9pisode<\/td><td>Ruminations prolong\u00e9es pendant des heures ou des jours<\/td><\/tr><tr><td><strong>Perception de soi<\/strong><\/td><td>&#8220;Je ne suis pas tr\u00e8s \u00e0 l&#8217;aise, mais \u00e7a va passer&#8221;<\/td><td>&#8220;Je suis d\u00e9faillant(e) et tout le monde le remarque&#8221;<\/td><\/tr><tr><td><strong>Strat\u00e9gies d&#8217;adaptation<\/strong><\/td><td>Capacit\u00e9 \u00e0 se d\u00e9passer quand c&#8217;est important<\/td><td>Utilisation de comportements d&#8217;\u00e9vitement ou de s\u00e9curit\u00e9<\/td><\/tr><tr><td><strong>\u00c9volution<\/strong><\/td><td>Am\u00e9lioration possible avec l&#8217;exp\u00e9rience<\/td><td>Tendance \u00e0 l&#8217;aggravation sans intervention<\/td><\/tr><\/tbody><\/table><\/figure>\n\n\n\n<h3 class=\"wp-block-heading\" id=\"la-metaphore-eclairante\">La M\u00e9taphore \u00c9clairante<\/h3>\n\n\n\n<p>La timidit\u00e9 est comme porter des v\u00eatements l\u00e9g\u00e8rement inconfortables : on s&#8217;y habitue et on peut les oublier. L&#8217;anxi\u00e9t\u00e9 sociale ressemble plut\u00f4t \u00e0 une cage invisible qui r\u00e9tr\u00e9cit progressivement, limitant de plus en plus les mouvements et les possibilit\u00e9s.<\/p>\n\n\n\n<h2 class=\"wp-block-heading\" id=\"les-origines-complexes-pourquoi-developpe-t-on-une-anxiete-sociale\">Les Origines Complexes : Pourquoi D\u00e9veloppe-t-on une Anxi\u00e9t\u00e9 Sociale ?<\/h2>\n\n\n\n<p>Ce trouble r\u00e9sulte rarement d&#8217;une cause unique, mais plut\u00f4t d&#8217;une interaction complexe entre plusieurs facteurs de risque. La recherche scientifique actuelle identifie trois domaines principaux d&#8217;influence.<\/p>\n\n\n\n<h3 class=\"wp-block-heading\" id=\"1-facteurs-biologiques-et-genetiques\">1. Facteurs Biologiques et G\u00e9n\u00e9tiques<\/h3>\n\n\n\n<p><strong>Pr\u00e9disposition h\u00e9r\u00e9ditaire<\/strong> : Les \u00e9tudes familiales r\u00e9v\u00e8lent une composante g\u00e9n\u00e9tique significative. Avoir un parent du premier degr\u00e9 souffrant d&#8217;anxi\u00e9t\u00e9 sociale multiplie le risque par 2 \u00e0 3. Cette transmission peut impliquer des g\u00e8nes r\u00e9gulant les neurotransmetteurs comme la s\u00e9rotonine et la dopamine.<\/p>\n\n\n\n<p><strong>Particularit\u00e9s neurobiologiques<\/strong> : Les \u00e9tudes d&#8217;imagerie c\u00e9r\u00e9brale (American Journal of Psychiatry, 2018) montrent des diff\u00e9rences structurelles et fonctionnelles chez les personnes anxieuses socialement :<\/p>\n\n\n\n<ul class=\"wp-block-list\">\n<li><strong>Hyperactivit\u00e9 de l&#8217;amygdale<\/strong> : Cette &#8220;alarme&#8221; du cerveau r\u00e9agit de mani\u00e8re excessive aux stimuli sociaux, les interpr\u00e9tant syst\u00e9matiquement comme des menaces<\/li>\n\n\n\n<li><strong>Dysfonctionnement du cortex pr\u00e9frontal<\/strong> : Diminution de la capacit\u00e9 \u00e0 r\u00e9guler les \u00e9motions et \u00e0 \u00e9valuer rationnellement les situations<\/li>\n\n\n\n<li><strong>D\u00e9s\u00e9quilibres neurochimiques<\/strong> : Alt\u00e9ration des syst\u00e8mes s\u00e9rotoninergique et dopaminergique impliqu\u00e9s dans la r\u00e9gulation de l&#8217;humeur et de la motivation sociale<\/li>\n<\/ul>\n\n\n\n<h3 class=\"wp-block-heading\" id=\"2-influences-environnementales-et-experiences-de-vie\">2. Influences Environnementales et Exp\u00e9riences de Vie<\/h3>\n\n\n\n<p><strong>Mod\u00e8les parentaux dysfonctionnels<\/strong> :<\/p>\n\n\n\n<ul class=\"wp-block-list\">\n<li>Parents eux-m\u00eames anxieux socialement, transmettant involontairement leurs peurs<\/li>\n\n\n\n<li>Surprotection excessive emp\u00eachant l&#8217;exposition progressive aux d\u00e9fis sociaux<\/li>\n\n\n\n<li>Critiques r\u00e9p\u00e9t\u00e9es ou attentes perfectionnistes cr\u00e9ant une peur chronique de l&#8217;\u00e9chec<\/li>\n<\/ul>\n\n\n\n<p><strong>Traumatismes sociaux pr\u00e9coces<\/strong> :<\/p>\n\n\n\n<ul class=\"wp-block-list\">\n<li>Harc\u00e8lement scolaire ou humiliations publiques r\u00e9p\u00e9t\u00e9es<\/li>\n\n\n\n<li>Rejet social brutal pendant l&#8217;enfance ou l&#8217;adolescence<\/li>\n\n\n\n<li>Exp\u00e9riences d&#8217;\u00e9chec social marquantes (b\u00e9gaiement, difficult\u00e9s d&#8217;apprentissage)<\/li>\n<\/ul>\n\n\n\n<p><strong>Isolement social pr\u00e9coce<\/strong> : Le manque d&#8217;exposition aux interactions sociales pendant les p\u00e9riodes critiques du d\u00e9veloppement peut emp\u00eacher l&#8217;acquisition naturelle des comp\u00e9tences sociales, cr\u00e9ant un cercle vicieux o\u00f9 l&#8217;\u00e9vitement renforce l&#8217;incomp\u00e9tence per\u00e7ue.<\/p>\n\n\n\n<h3 class=\"wp-block-heading\" id=\"3-facteurs-psychologiques-et-cognitifs\">3. Facteurs Psychologiques et Cognitifs<\/h3>\n\n\n\n<p><strong>Sch\u00e9mas de pens\u00e9e dysfonctionnels<\/strong> :<\/p>\n\n\n\n<ul class=\"wp-block-list\">\n<li>Croyances fondamentales n\u00e9gatives : &#8220;Je dois \u00eatre parfait pour \u00eatre accept\u00e9&#8221;, &#8220;Montrer une faiblesse \u00e9quivaut \u00e0 \u00eatre rejet\u00e9&#8221;<\/li>\n\n\n\n<li>Biais d&#8217;interpr\u00e9tation : Tendance \u00e0 interpr\u00e9ter les signaux sociaux neutres comme n\u00e9gatifs<\/li>\n\n\n\n<li>Perfectionnisme maladaptif : Standards irr\u00e9alistes de performance sociale<\/li>\n<\/ul>\n\n\n\n<p><strong>Processus attentionnels biais\u00e9s<\/strong> :<\/p>\n\n\n\n<ul class=\"wp-block-list\">\n<li><strong>Hypervigilance sociale<\/strong> : Attention excessive port\u00e9e aux signaux de menace ou de rejet<\/li>\n\n\n\n<li><strong>Auto-monitoring excessif<\/strong> : Surveillance constante de ses propres r\u00e9actions et sympt\u00f4mes<\/li>\n\n\n\n<li><strong>N\u00e9gligence des signaux positifs<\/strong> : Incapacit\u00e9 \u00e0 remarquer ou \u00e0 valoriser les interactions r\u00e9ussies<\/li>\n<\/ul>\n\n\n\n<h2 class=\"wp-block-heading\" id=\"les-manifestations-concretes-comment-ce-trouble-se-revele-t-il\">Les Manifestations Concr\u00e8tes : Comment ce Trouble se R\u00e9v\u00e8le-t-il ?<\/h2>\n\n\n\n<p>Cette condition se traduit par des sympt\u00f4mes observables dans trois domaines interconnect\u00e9s :<\/p>\n\n\n\n<h3 class=\"wp-block-heading\" id=\"symptomes-physiques\">Sympt\u00f4mes Physiques<\/h3>\n\n\n\n<ul class=\"wp-block-list\">\n<li><strong>Manifestations cardiovasculaires<\/strong> : Palpitations, acc\u00e9l\u00e9ration du rythme cardiaque<\/li>\n\n\n\n<li><strong>R\u00e9actions neuromusculaires<\/strong> : Tremblements, tensions, voix chevrotante<\/li>\n\n\n\n<li><strong>Sympt\u00f4mes dermatologiques<\/strong> : Rougissement, transpiration excessive<\/li>\n\n\n\n<li><strong>Troubles digestifs<\/strong> : Naus\u00e9es, maux d&#8217;estomac, sensation de gorge nou\u00e9e<\/li>\n<\/ul>\n\n\n\n<h3 class=\"wp-block-heading\" id=\"symptomes-cognitifs\">Sympt\u00f4mes Cognitifs<\/h3>\n\n\n\n<ul class=\"wp-block-list\">\n<li><strong>Pens\u00e9es automatiques n\u00e9gatives<\/strong> : &#8220;Je vais dire quelque chose de stupide&#8221;, &#8220;Tout le monde me regarde&#8221;<\/li>\n\n\n\n<li><strong>Blocages mentaux<\/strong> : Perte de m\u00e9moire, incapacit\u00e9 \u00e0 suivre une conversation<\/li>\n\n\n\n<li><strong>Ruminations post-\u00e9v\u00e9nement<\/strong> : Analyse obsessionnelle des interactions pass\u00e9es<\/li>\n<\/ul>\n\n\n\n<h3 class=\"wp-block-heading\" id=\"symptomes-comportementaux\">Sympt\u00f4mes Comportementaux<\/h3>\n\n\n\n<ul class=\"wp-block-list\">\n<li><strong>\u00c9vitement direct<\/strong> : Refus de participer aux \u00e9v\u00e9nements sociaux<\/li>\n\n\n\n<li><strong>Comportements de s\u00e9curit\u00e9<\/strong> : \u00c9viter le contact visuel, utiliser l&#8217;alcool comme &#8220;lubrifiant social&#8221;<\/li>\n\n\n\n<li><strong>Procrastination sociale<\/strong> : Reporter ind\u00e9finiment les interactions importantes<\/li>\n<\/ul>\n\n\n\n<h2 class=\"wp-block-heading\" id=\"vers-une-prise-en-charge-adaptee\">Vers une Prise en Charge Adapt\u00e9e<\/h2>\n\n\n\n<h3 class=\"wp-block-heading\" id=\"reconnaitre-les-signaux-d-alarme\">Reconna\u00eetre les Signaux d&#8217;Alarme<\/h3>\n\n\n\n<p>Il est temps de consulter un professionnel si :<\/p>\n\n\n\n<ul class=\"wp-block-list\">\n<li>Vos sympt\u00f4mes persistent depuis plus de 6 mois<\/li>\n\n\n\n<li>Ils impactent significativement votre travail, vos \u00e9tudes ou vos relations<\/li>\n\n\n\n<li>Vous d\u00e9veloppez des strat\u00e9gies d&#8217;\u00e9vitement de plus en plus \u00e9tendues<\/li>\n\n\n\n<li>Vous ressentez une d\u00e9tresse psychologique importante<\/li>\n<\/ul>\n\n\n\n<h3 class=\"wp-block-heading\" id=\"les-solutions-therapeutiques-efficaces\">Les Solutions Th\u00e9rapeutiques Efficaces<\/h3>\n\n\n\n<p><strong>Th\u00e9rapies Comportementales et Cognitives (TCC)<\/strong> : Approche de r\u00e9f\u00e9rence recommand\u00e9e par la Haute Autorit\u00e9 de Sant\u00e9, combinant :<\/p>\n\n\n\n<ul class=\"wp-block-list\">\n<li>Restructuration cognitive pour modifier les pens\u00e9es dysfonctionnelles<\/li>\n\n\n\n<li>Exposition progressive aux situations redout\u00e9es<\/li>\n\n\n\n<li>Apprentissage de techniques de gestion de l&#8217;anxi\u00e9t\u00e9<\/li>\n<\/ul>\n\n\n\n<p><strong>Th\u00e9rapies compl\u00e9mentaires<\/strong> :<\/p>\n\n\n\n<ul class=\"wp-block-list\">\n<li>Th\u00e9rapie d&#8217;acceptation et d&#8217;engagement (ACT)<\/li>\n\n\n\n<li>Mindfulness et m\u00e9ditation de pleine conscience<\/li>\n\n\n\n<li>Th\u00e9rapie de groupe sp\u00e9cialis\u00e9e<\/li>\n<\/ul>\n\n\n\n<p><strong>Approches pharmacologiques<\/strong> : Dans certains cas, les antid\u00e9presseurs (ISRS) peuvent \u00eatre prescrits en compl\u00e9ment de la psychoth\u00e9rapie.<\/p>\n\n\n\n<h2 class=\"wp-block-heading\" id=\"conclusion-comprendre-pour-mieux-guerir\">Conclusion : Comprendre pour Mieux Gu\u00e9rir<\/h2>\n\n\n\n<p>Saisir la v\u00e9ritable nature de l&#8217;anxi\u00e9t\u00e9 sociale permet de la d\u00e9mystifier et de la reconna\u00eetre comme une condition m\u00e9dicale l\u00e9gitime n\u00e9cessitant un soutien adapt\u00e9. Ce n&#8217;est ni une faiblesse de caract\u00e8re, ni un choix d\u00e9lib\u00e9r\u00e9, mais un trouble traitable avec les bonnes approches.<\/p>\n\n\n\n<p>Si cette description r\u00e9sonne en vous et que vous vous sentez prisonnier de la peur du jugement d&#8217;autrui, sachez que des solutions efficaces et \u00e9prouv\u00e9es existent. Des millions de personnes ont retrouv\u00e9 leur libert\u00e9 sociale gr\u00e2ce \u00e0 un accompagnement appropri\u00e9.<\/p>\n\n\n\n<p>Le premier pas vers la gu\u00e9rison consiste souvent simplement \u00e0 mettre des mots sur sa souffrance et \u00e0 reconna\u00eetre qu&#8217;elle m\u00e9rite d&#8217;\u00eatre prise au s\u00e9rieux.<\/p>\n\n\n\n<h2 class=\"wp-block-heading\" id=\"questions-frequentes\">Questions Fr\u00e9quentes<\/h2>\n\n\n\n<h3 class=\"wp-block-heading\" id=\"lanxiete-sociale-est-elle-la-meme-chose-que-lagoraphobie\">L&#8217;anxi\u00e9t\u00e9 sociale est-elle la m\u00eame chose que l&#8217;agoraphobie ?<\/h3>\n\n\n\n<p>Non, ces deux troubles sont distincts. L&#8217;anxi\u00e9t\u00e9 sociale se centre sur la peur du jugement social, tandis que l&#8217;agoraphobie concerne la crainte des lieux ou situations d&#8217;o\u00f9 il serait difficile de s&#8217;\u00e9chapper en cas d&#8217;attaque de panique, ind\u00e9pendamment de la pr\u00e9sence d&#8217;autres personnes.<\/p>\n\n\n\n<h3 class=\"wp-block-heading\" id=\"peut-on-developper-une-anxiete-sociale-a-lage-adulte\">Peut-on d\u00e9velopper une anxi\u00e9t\u00e9 sociale \u00e0 l&#8217;\u00e2ge adulte ?<\/h3>\n\n\n\n<p>Absolument. Bien qu&#8217;elle apparaisse le plus souvent durant l&#8217;adolescence, un \u00e9v\u00e9nement traumatisant ou stressant (licenciement humiliant, rupture difficile, \u00e9chec public) peut d\u00e9clencher ce trouble \u00e0 tout \u00e2ge.<\/p>\n\n\n\n<h3 class=\"wp-block-heading\" id=\"la-timidite-peut-elle-evoluer-vers-lanxiete-sociale\">La timidit\u00e9 peut-elle \u00e9voluer vers l&#8217;anxi\u00e9t\u00e9 sociale ?<\/h3>\n\n\n\n<p>Oui, la timidit\u00e9 s\u00e9v\u00e8re constitue un facteur de risque. Une r\u00e9serve naturelle non accompagn\u00e9e durant l&#8217;enfance, combin\u00e9e \u00e0 des exp\u00e9riences sociales n\u00e9gatives r\u00e9p\u00e9t\u00e9es, peut progressivement se transformer en v\u00e9ritable phobie sociale.<\/p>\n\n\n\n<h3 class=\"wp-block-heading\" id=\"ce-trouble-peut-il-vraiment-guerir-completement\">Ce trouble peut-il vraiment gu\u00e9rir compl\u00e8tement ?<\/h3>\n\n\n\n<p>Avec un traitement appropri\u00e9, la grande majorit\u00e9 des personnes voient leurs sympt\u00f4mes diminuer drastiquement. Beaucoup retrouvent une vie sociale \u00e9panouie, m\u00eame si une vigilance peut parfois rester n\u00e9cessaire dans certaines situations sp\u00e9cifiques.<\/p>\n\n\n\n<h3 class=\"wp-block-heading\" id=\"comment-differencier-lanxiete-sociale-de-la-depression\">Comment diff\u00e9rencier l&#8217;anxi\u00e9t\u00e9 sociale de la d\u00e9pression ?<\/h3>\n\n\n\n<p>Bien que ces troubles puissent coexister, l&#8217;anxi\u00e9t\u00e9 sociale se focalise sp\u00e9cifiquement sur les situations d&#8217;interaction, tandis que la d\u00e9pression affecte l&#8217;humeur de mani\u00e8re plus globale. Un professionnel peut \u00e9tablir un diagnostic diff\u00e9rentiel pr\u00e9cis.<\/p>\n","protected":false},"excerpt":{"rendered":"<p>Qu&#8217;est-ce que l&#8217;anxi\u00e9t\u00e9 sociale ? D\u00e9couvrez la d\u00e9finition compl\u00e8te de&#8230;<\/p>\n","protected":false},"author":1,"featured_media":1889,"comment_status":"open","ping_status":"open","sticky":false,"template":"","format":"standard","meta":{"_monsterinsights_skip_tracking":false,"_monsterinsights_sitenote_active":false,"_monsterinsights_sitenote_note":"","_monsterinsights_sitenote_category":0,"_kad_post_transparent":"","_kad_post_title":"","_kad_post_layout":"","_kad_post_sidebar_id":"","_kad_post_content_style":"","_kad_post_vertical_padding":"","_kad_post_feature":"","_kad_post_feature_position":"","_kad_post_header":false,"_kad_post_footer":false,"footnotes":""},"categories":[1],"tags":[],"class_list":["post-1888","post","type-post","status-publish","format-standard","has-post-thumbnail","hentry","category-uncategorized"],"_links":{"self":[{"href":"https:\/\/anxietysolve.org\/fr\/wp-json\/wp\/v2\/posts\/1888","targetHints":{"allow":["GET"]}}],"collection":[{"href":"https:\/\/anxietysolve.org\/fr\/wp-json\/wp\/v2\/posts"}],"about":[{"href":"https:\/\/anxietysolve.org\/fr\/wp-json\/wp\/v2\/types\/post"}],"author":[{"embeddable":true,"href":"https:\/\/anxietysolve.org\/fr\/wp-json\/wp\/v2\/users\/1"}],"replies":[{"embeddable":true,"href":"https:\/\/anxietysolve.org\/fr\/wp-json\/wp\/v2\/comments?post=1888"}],"version-history":[{"count":1,"href":"https:\/\/anxietysolve.org\/fr\/wp-json\/wp\/v2\/posts\/1888\/revisions"}],"predecessor-version":[{"id":1890,"href":"https:\/\/anxietysolve.org\/fr\/wp-json\/wp\/v2\/posts\/1888\/revisions\/1890"}],"wp:featuredmedia":[{"embeddable":true,"href":"https:\/\/anxietysolve.org\/fr\/wp-json\/wp\/v2\/media\/1889"}],"wp:attachment":[{"href":"https:\/\/anxietysolve.org\/fr\/wp-json\/wp\/v2\/media?parent=1888"}],"wp:term":[{"taxonomy":"category","embeddable":true,"href":"https:\/\/anxietysolve.org\/fr\/wp-json\/wp\/v2\/categories?post=1888"},{"taxonomy":"post_tag","embeddable":true,"href":"https:\/\/anxietysolve.org\/fr\/wp-json\/wp\/v2\/tags?post=1888"}],"curies":[{"name":"wp","href":"https:\/\/api.w.org\/{rel}","templated":true}]}}