{"id":1898,"date":"2025-06-30T09:16:14","date_gmt":"2025-06-30T09:16:14","guid":{"rendered":"https:\/\/anxietysolve.org\/fr\/?p=1898"},"modified":"2025-06-30T09:16:16","modified_gmt":"2025-06-30T09:16:16","slug":"cest-quoi-lanxiete-sociale","status":"publish","type":"post","link":"https:\/\/anxietysolve.org\/fr\/cest-quoi-lanxiete-sociale\/","title":{"rendered":"C&#8217;est Quoi l&#8217;Anxi\u00e9t\u00e9 Sociale ? Comprendre Simplement ce Trouble M\u00e9connu"},"content":{"rendered":"\n<p>Vous vous demandez c&#8217;est quoi l&#8217;anxi\u00e9t\u00e9 sociale ? D\u00e9couvrez une explication simple, des exemples concrets du quotidien et la diff\u00e9rence cruciale avec la timidit\u00e9.<\/p>\n\n\n\n<p><em>R\u00e9dig\u00e9 par : Thomas Lemaire, sp\u00e9cialis\u00e9 en vulgarisation psychologique.<\/em><br><em>Relu et valid\u00e9 m\u00e9dicalement par : Dr. H\u00e9l\u00e8ne Bernard, Psychologue Clinicienne.<\/em><\/p>\n\n\n\n<blockquote class=\"wp-block-quote is-layout-flow wp-block-quote-is-layout-flow\">\n<p><strong>Avertissement m\u00e9dical :<\/strong> Cet article a pour but d&#8217;informer et de clarifier. Il ne remplace en aucun cas un diagnostic pos\u00e9 par un professionnel de sant\u00e9. Si vous vous sentez concern\u00e9(e), parlez-en \u00e0 un m\u00e9decin.<\/p>\n<\/blockquote>\n\n\n\n<div class=\"wp-block-rank-math-toc-block\" id=\"rank-math-toc\"><h2>Table des mati\u00e8res<\/h2><nav><ul><li class=\"\"><a href=\"#introduction-mettre-des-mots-sur-une-peur-invisible\">Introduction : Mettre des Mots sur une Peur Invisible<\/a><\/li><li class=\"\"><a href=\"#la-definition-la-plus-claire-de-l-anxiete-sociale\">La D\u00e9finition la Plus Claire de l&#8217;Anxi\u00e9t\u00e9 Sociale<\/a><ul><\/ul><\/li><li class=\"\"><a href=\"#la-distinction-fondamentale-anxiete-sociale-vs-timidite\">La Distinction Fondamentale : Anxi\u00e9t\u00e9 Sociale vs Timidit\u00e9<\/a><ul><\/ul><\/li><li class=\"\"><a href=\"#comment-cette-peur-se-manifeste-t-elle-concretement\">Comment Cette Peur se Manifeste-t-elle Concr\u00e8tement ?<\/a><ul><\/ul><\/li><li class=\"\"><a href=\"#l-experience-interieure-la-triple-tempete\">L&#8217;Exp\u00e9rience Int\u00e9rieure : La &#8220;Triple Temp\u00eate&#8221;<\/a><ul><\/ul><\/li><li class=\"\"><a href=\"#la-question-essentielle-peut-on-vraiment-sen-sortir\">La Question Essentielle : Peut-on Vraiment s&#8217;en Sortir ?<\/a><ul><\/ul><\/li><li class=\"\"><a href=\"#vers-une-comprehension-bienveillante\">Vers une Compr\u00e9hension Bienveillante<\/a><ul><\/ul><\/li><li class=\"\"><a href=\"#conclusion-nommer-pour-mieux-guerir\">Conclusion : Nommer pour Mieux Gu\u00e9rir<\/a><\/li><li class=\"\"><a href=\"#questions-frequentes\">Questions Fr\u00e9quentes<\/a><ul><\/ul><\/li><\/ul><\/nav><\/div>\n\n\n\n<h2 class=\"wp-block-heading\" id=\"introduction-mettre-des-mots-sur-une-peur-invisible\">Introduction : Mettre des Mots sur une Peur Invisible<\/h2>\n\n\n\n<p>Des mains moites avant une r\u00e9union ? L&#8217;envie irr\u00e9sistible d&#8217;annuler une soir\u00e9e \u00e0 la derni\u00e8re minute ? Cette boule au ventre qui appara\u00eet \u00e0 l&#8217;id\u00e9e de t\u00e9l\u00e9phoner \u00e0 un inconnu ? Nous avons tous ressenti une forme de g\u00eane sociale \u00e0 un moment donn\u00e9.<\/p>\n\n\n\n<p>Mais parfois, cette g\u00eane d\u00e9passe largement l&#8217;inconfort passager. Elle devient une peur intense, paralysante, qui dicte silencieusement nos choix et r\u00e9tr\u00e9cit progressivement notre monde social.<\/p>\n\n\n\n<p>C&#8217;est pr\u00e9cis\u00e9ment l\u00e0 que beaucoup se posent cette question l\u00e9gitime : <strong>&#8220;Mais au fait, c&#8217;est quoi exactement <a href=\"https:\/\/anxietysolve.org\/fr\">l&#8217;anxi\u00e9t\u00e9 sociale ?<\/a>&#8220;<\/strong><\/p>\n\n\n\n<p>Souvent confondue avec une &#8220;grande timidit\u00e9&#8221; ou minimis\u00e9e comme un simple &#8220;manque de confiance&#8221;, cette condition m\u00e9rite une explication claire et accessible. Dans ce guide, nous d\u00e9mystifierons ensemble cette peur du jugement qui touche bien plus de personnes qu&#8217;on ne l&#8217;imagine.<\/p>\n\n\n\n<h2 class=\"wp-block-heading\" id=\"la-definition-la-plus-claire-de-l-anxiete-sociale\">La D\u00e9finition la Plus Claire de l&#8217;Anxi\u00e9t\u00e9 Sociale<\/h2>\n\n\n\n<p>Si nous devions expliquer ce trouble en termes simples, voici la d\u00e9finition la plus juste :<\/p>\n\n\n\n<blockquote class=\"wp-block-quote is-layout-flow wp-block-quote-is-layout-flow\">\n<p><strong>L&#8217;anxi\u00e9t\u00e9 sociale est une peur intense et persistante d&#8217;\u00eatre jug\u00e9 n\u00e9gativement par les autres, suffisamment forte pour pousser \u00e0 \u00e9viter activement les situations d&#8217;interaction sociale.<\/strong><\/p>\n<\/blockquote>\n\n\n\n<h3 class=\"wp-block-heading\" id=\"decortiquons-cette-definition\">D\u00e9cortiquons Cette D\u00e9finition<\/h3>\n\n\n\n<p><strong>&#8220;Peur intense&#8221;<\/strong> : Nous ne parlons pas d&#8217;un l\u00e9ger inconfort ou d&#8217;une simple nervosit\u00e9. Il s&#8217;agit d&#8217;une angoisse profonde qui peut s&#8217;apparenter \u00e0 de la terreur pure et provoquer des sympt\u00f4mes physiques impressionnants.<\/p>\n\n\n\n<p><strong>&#8220;Persistante&#8221;<\/strong> : Cette crainte n&#8217;est pas occasionnelle ou li\u00e9e \u00e0 des circonstances particuli\u00e8res. Elle se manifeste de mani\u00e8re r\u00e9p\u00e9t\u00e9e dans la plupart des contextes sociaux, cr\u00e9ant un \u00e9tat d&#8217;alerte constant.<\/p>\n\n\n\n<p><strong>&#8220;Jugement n\u00e9gatif&#8221;<\/strong> : Le c\u0153ur du probl\u00e8me r\u00e9side dans la conviction que les autres nous observent, nous \u00e9valuent et nous trouvent d\u00e9faillants. Cette peur du regard critique devient obs\u00e9dante.<\/p>\n\n\n\n<p><strong>&#8220;\u00c9vitement actif&#8221;<\/strong> : Pour \u00e9chapper \u00e0 cette souffrance, la personne d\u00e9veloppe des strat\u00e9gies sophistiqu\u00e9es pour fuir les situations redout\u00e9es, ce qui impacte s\u00e9rieusement sa qualit\u00e9 de vie.<\/p>\n\n\n\n<h2 class=\"wp-block-heading\" id=\"la-distinction-fondamentale-anxiete-sociale-vs-timidite\">La Distinction Fondamentale : Anxi\u00e9t\u00e9 Sociale vs Timidit\u00e9<\/h2>\n\n\n\n<p>Cette confusion repr\u00e9sente l&#8217;un des plus grands obstacles \u00e0 la compr\u00e9hension de ce trouble. &#8220;Je ne suis pas malade, je suis juste tr\u00e8s timide&#8221; entend-on souvent. Pourtant, la diff\u00e9rence est cruciale et m\u00e9rite d&#8217;\u00eatre clarifi\u00e9e.<\/p>\n\n\n\n<h3 class=\"wp-block-heading\" id=\"tableau-comparatif-detaille\">Tableau Comparatif D\u00e9taill\u00e9<\/h3>\n\n\n\n<figure class=\"wp-block-table\"><table class=\"has-fixed-layout\"><thead><tr><th>Crit\u00e8re<\/th><th>Timidit\u00e9 (Trait de Personnalit\u00e9)<\/th><th>Anxi\u00e9t\u00e9 Sociale (Condition Clinique)<\/th><\/tr><\/thead><tbody><tr><td><strong>D\u00e9clencheur principal<\/strong><\/td><td>Inconfort face aux situations nouvelles<\/td><td>Terreur du jugement et de l&#8217;humiliation<\/td><\/tr><tr><td><strong>Intensit\u00e9 ressentie<\/strong><\/td><td>G\u00eane g\u00e9rable, souvent charmante<\/td><td>Angoisse paralysante, parfois panique<\/td><\/tr><tr><td><strong>Impact sur la vie<\/strong><\/td><td>Permet de fonctionner normalement<\/td><td>Entrave carri\u00e8re, relations et opportunit\u00e9s<\/td><\/tr><tr><td><strong>\u00c9volution temporelle<\/strong><\/td><td>L&#8217;inconfort s&#8217;estompe avec l&#8217;habitude<\/td><td>L&#8217;anxi\u00e9t\u00e9 peut durer des jours avant\/apr\u00e8s<\/td><\/tr><tr><td><strong>Dialogue int\u00e9rieur<\/strong><\/td><td>&#8220;J&#8217;esp\u00e8re ne pas \u00eatre trop maladroit&#8221;<\/td><td>&#8220;Je suis certain de me ridiculiser&#8221;<\/td><\/tr><tr><td><strong>Capacit\u00e9 d&#8217;adaptation<\/strong><\/td><td>Possibilit\u00e9 de se d\u00e9passer si n\u00e9cessaire<\/td><td>\u00c9vitement syst\u00e9matique ou souffrance extr\u00eame<\/td><\/tr><\/tbody><\/table><\/figure>\n\n\n\n<h3 class=\"wp-block-heading\" id=\"la-metaphore-eclairante\">La M\u00e9taphore \u00c9clairante<\/h3>\n\n\n\n<p>Une personne timide ressemble \u00e0 quelqu&#8217;un qui n&#8217;aime pas \u00eatre sous les projecteurs mais peut le supporter quand c&#8217;est n\u00e9cessaire. Une personne souffrant d&#8217;anxi\u00e9t\u00e9 sociale vit chaque interaction comme si elle \u00e9tait sous un projecteur d&#8217;interrogatoire con\u00e7u pour exposer impitoyablement toutes ses failles.<\/p>\n\n\n\n<h2 class=\"wp-block-heading\" id=\"comment-cette-peur-se-manifeste-t-elle-concretement\">Comment Cette Peur se Manifeste-t-elle Concr\u00e8tement ?<\/h2>\n\n\n\n<p>Au-del\u00e0 de la th\u00e9orie, voyons comment cette condition affecte r\u00e9ellement le quotidien des personnes concern\u00e9es.<\/p>\n\n\n\n<h3 class=\"wp-block-heading\" id=\"dans-les-situations-de-performance\">Dans les Situations de Performance<\/h3>\n\n\n\n<ul class=\"wp-block-list\">\n<li><strong>Refuser une promotion<\/strong> professionnelle car elle implique d&#8217;animer des r\u00e9unions<\/li>\n\n\n\n<li><strong>Ne jamais poser de questions<\/strong> en cours ou en conf\u00e9rence, m\u00eame en cas d&#8217;incompr\u00e9hension totale<\/li>\n\n\n\n<li><strong>Panique totale<\/strong> \u00e0 l&#8217;id\u00e9e de faire une pr\u00e9sentation, m\u00eame devant quelques coll\u00e8gues<\/li>\n\n\n\n<li><strong>\u00c9viter les examens oraux<\/strong> au point de compromettre ses \u00e9tudes<\/li>\n<\/ul>\n\n\n\n<h3 class=\"wp-block-heading\" id=\"dans-les-interactions-sociales-quotidiennes\">Dans les Interactions Sociales Quotidiennes<\/h3>\n\n\n\n<ul class=\"wp-block-list\">\n<li><strong>D\u00e9cliner syst\u00e9matiquement<\/strong> les invitations \u00e0 des f\u00eates, mariages ou \u00e9v\u00e9nements professionnels<\/li>\n\n\n\n<li><strong>Impossibilit\u00e9 d&#8217;aborder<\/strong> quelqu&#8217;un pour un rendez-vous amoureux, malgr\u00e9 l&#8217;int\u00e9r\u00eat mutuel<\/li>\n\n\n\n<li><strong>Mutisme en groupe<\/strong> par peur de dire &#8220;quelque chose de stupide&#8221; ou d&#8217;inad\u00e9quat<\/li>\n\n\n\n<li><strong>Fuir les conversations<\/strong> informelles avec les coll\u00e8gues ou voisins<\/li>\n<\/ul>\n\n\n\n<h3 class=\"wp-block-heading\" id=\"dans-les-taches-apparemment-simples\">Dans les T\u00e2ches Apparemment Simples<\/h3>\n\n\n\n<ul class=\"wp-block-list\">\n<li><strong>Terreur de manger en public<\/strong> de crainte de trembler, renverser ou faire du bruit<\/li>\n\n\n\n<li><strong>\u00c9vitement compulsif des appels t\u00e9l\u00e9phoniques<\/strong>, privil\u00e9giant emails et SMS m\u00eame quand c&#8217;est inappropri\u00e9<\/li>\n\n\n\n<li><strong>Incapacit\u00e9 \u00e0 retourner un article<\/strong> en magasin ou \u00e0 faire une r\u00e9clamation l\u00e9gitime<\/li>\n\n\n\n<li><strong>Peur de demander son chemin<\/strong> ou de solliciter de l&#8217;aide, m\u00eame en situation d&#8217;urgence<\/li>\n<\/ul>\n\n\n\n<p>Pour ces personnes, chaque journ\u00e9e ressemble \u00e0 un parcours du combattant jonch\u00e9 de situations potentiellement anxiog\u00e8nes \u00e0 \u00e9viter.<\/p>\n\n\n\n<h2 class=\"wp-block-heading\" id=\"l-experience-interieure-la-triple-tempete\">L&#8217;Exp\u00e9rience Int\u00e9rieure : La &#8220;Triple Temp\u00eate&#8221;<\/h2>\n\n\n\n<p>L&#8217;anxi\u00e9t\u00e9 sociale se vit simultan\u00e9ment sur trois niveaux interconnect\u00e9s, cr\u00e9ant une exp\u00e9rience particuli\u00e8rement \u00e9prouvante.<\/p>\n\n\n\n<h3 class=\"wp-block-heading\" id=\"1-au-niveau-physique-les-sensations-corporelles\">1. Au Niveau Physique (Les Sensations Corporelles)<\/h3>\n\n\n\n<p>Le corps r\u00e9agit comme face \u00e0 un danger mortel :<\/p>\n\n\n\n<ul class=\"wp-block-list\">\n<li><strong>Palpitations cardiaques<\/strong> intenses, parfois perceptibles par l&#8217;entourage<\/li>\n\n\n\n<li><strong>Tremblements<\/strong> incontr\u00f4lables des mains, de la voix ou des jambes<\/li>\n\n\n\n<li><strong>Transpiration excessive<\/strong>, particuli\u00e8rement visible au niveau du visage<\/li>\n\n\n\n<li><strong>Rougissements<\/strong> soudains et intenses qui accentuent la g\u00eane<\/li>\n\n\n\n<li><strong>Sensation d&#8217;\u00e9touffement<\/strong> ou de gorge nou\u00e9e<\/li>\n\n\n\n<li><strong>Troubles digestifs<\/strong> : naus\u00e9es, maux d&#8217;estomac, besoin urgent d&#8217;aller aux toilettes<\/li>\n<\/ul>\n\n\n\n<h3 class=\"wp-block-heading\" id=\"2-au-niveau-mental-le-flot-de-pensees-negatives\">2. Au Niveau Mental (Le Flot de Pens\u00e9es N\u00e9gatives)<\/h3>\n\n\n\n<p>L&#8217;esprit s&#8217;emballe dans une spirale de pr\u00e9dictions catastrophiques :<\/p>\n\n\n\n<ul class=\"wp-block-list\">\n<li><em>&#8220;Tout le monde remarque \u00e0 quel point je suis nerveux&#8221;<\/em><\/li>\n\n\n\n<li><em>&#8220;Ils pensent que je suis bizarre et incomp\u00e9tent&#8221;<\/em><\/li>\n\n\n\n<li><em>&#8220;Je n&#8217;ai absolument rien d&#8217;int\u00e9ressant \u00e0 dire&#8221;<\/em><\/li>\n\n\n\n<li><em>&#8220;Je vais dire quelque chose de stupide et ils vont tous se moquer&#8221;<\/em><\/li>\n\n\n\n<li><em>&#8220;Je ne devrais m\u00eame pas \u00eatre ici&#8221;<\/em><\/li>\n<\/ul>\n\n\n\n<h3 class=\"wp-block-heading\" id=\"3-au-niveau-comportemental-les-strategies-d-evitement\">3. Au Niveau Comportemental (Les Strat\u00e9gies d&#8217;\u00c9vitement)<\/h3>\n\n\n\n<p>Pour \u00e9chapper \u00e0 cette souffrance, des m\u00e9canismes de protection se mettent en place :<\/p>\n\n\n\n<ul class=\"wp-block-list\">\n<li><strong>\u00c9vitement pur et simple<\/strong> des situations redout\u00e9es<\/li>\n\n\n\n<li><strong>Utilisation de &#8220;b\u00e9quilles sociales&#8221;<\/strong> : alcool, m\u00e9dicaments, pr\u00e9sence d&#8217;un proche rassurant<\/li>\n\n\n\n<li><strong>Comportements de s\u00e9curit\u00e9<\/strong> : rester coll\u00e9 \u00e0 son t\u00e9l\u00e9phone, \u00e9viter le contact visuel, se positionner pr\u00e8s des sorties<\/li>\n\n\n\n<li><strong>Pr\u00e9paration obsessionnelle<\/strong> : r\u00e9p\u00e9ter mentalement chaque interaction possible<\/li>\n<\/ul>\n\n\n\n<h2 class=\"wp-block-heading\" id=\"la-question-essentielle-peut-on-vraiment-sen-sortir\">La Question Essentielle : Peut-on Vraiment s&#8217;en Sortir ?<\/h2>\n\n\n\n<p>La r\u00e9ponse est un <strong>oui retentissant et plein d&#8217;espoir<\/strong>.<\/p>\n\n\n\n<p>L&#8217;anxi\u00e9t\u00e9 sociale n&#8217;est absolument pas une condamnation \u00e0 vie. Il s&#8217;agit d&#8217;une condition m\u00e9dicale parfaitement identifi\u00e9e et, surtout, tr\u00e8s bien traitable avec les bonnes approches th\u00e9rapeutiques.<\/p>\n\n\n\n<h3 class=\"wp-block-heading\" id=\"les-solutions-efficaces-validees-scientifiquement\">Les Solutions Efficaces Valid\u00e9es Scientifiquement<\/h3>\n\n\n\n<p><strong>Les Th\u00e9rapies Comportementales et Cognitives (TCC)<\/strong> repr\u00e9sentent le traitement de r\u00e9f\u00e9rence, recommand\u00e9 par toutes les autorit\u00e9s de sant\u00e9 internationales. Ces approches permettent de :<\/p>\n\n\n\n<ul class=\"wp-block-list\">\n<li><strong>D\u00e9construire les pens\u00e9es n\u00e9gatives automatiques<\/strong> pour les remplacer par des \u00e9valuations plus r\u00e9alistes et bienveillantes<\/li>\n\n\n\n<li><strong>Affronter progressivement les situations redout\u00e9es<\/strong> \u00e0 travers une exposition graduelle et contr\u00f4l\u00e9e<\/li>\n\n\n\n<li><strong>D\u00e9velopper des outils concrets<\/strong> de gestion de l&#8217;anxi\u00e9t\u00e9 utilisables au quotidien<\/li>\n<\/ul>\n\n\n\n<p><strong>Th\u00e9rapies compl\u00e9mentaires efficaces :<\/strong><\/p>\n\n\n\n<ul class=\"wp-block-list\">\n<li>Mindfulness et m\u00e9ditation de pleine conscience<\/li>\n\n\n\n<li>Th\u00e9rapies de groupe sp\u00e9cialis\u00e9es<\/li>\n\n\n\n<li>Techniques de relaxation et de respiration<\/li>\n<\/ul>\n\n\n\n<p><strong>Options pharmacologiques :<\/strong> Dans certains cas, un m\u00e9decin peut prescrire des antid\u00e9presseurs ou des anxiolytiques en compl\u00e9ment de la psychoth\u00e9rapie.<\/p>\n\n\n\n<h3 class=\"wp-block-heading\" id=\"temoignages-d-espoir\">T\u00e9moignages d&#8217;Espoir<\/h3>\n\n\n\n<p>Des millions de personnes dans le monde ont r\u00e9ussi \u00e0 surmonter leur anxi\u00e9t\u00e9 sociale et \u00e0 retrouver une vie sociale \u00e9panouie. Ce qui semblait impossible devient progressivement naturel avec le bon accompagnement et de la pers\u00e9v\u00e9rance.<\/p>\n\n\n\n<h2 class=\"wp-block-heading\" id=\"vers-une-comprehension-bienveillante\">Vers une Compr\u00e9hension Bienveillante<\/h2>\n\n\n\n<h3 class=\"wp-block-heading\" id=\"ce-que-l-anxiete-sociale-nest-pas\">Ce que l&#8217;Anxi\u00e9t\u00e9 Sociale N&#8217;est PAS<\/h3>\n\n\n\n<ul class=\"wp-block-list\">\n<li>Une faiblesse de caract\u00e8re ou un manque de volont\u00e9<\/li>\n\n\n\n<li>Un d\u00e9faut de personnalit\u00e9 qu&#8217;il faut cacher<\/li>\n\n\n\n<li>Une &#8220;mode&#8221; ou une fa\u00e7on de se rendre int\u00e9ressant<\/li>\n\n\n\n<li>Quelque chose qu&#8217;on peut surmonter &#8220;en se for\u00e7ant un peu&#8221;<\/li>\n<\/ul>\n\n\n\n<h3 class=\"wp-block-heading\" id=\"ce-que-l-anxiete-sociale-est-vraiment\">Ce que l&#8217;Anxi\u00e9t\u00e9 Sociale EST Vraiment<\/h3>\n\n\n\n<ul class=\"wp-block-list\">\n<li>Un m\u00e9canisme de protection devenu dysfonctionnel<\/li>\n\n\n\n<li>Une condition m\u00e9dicale l\u00e9gitime et traitable<\/li>\n\n\n\n<li>Le r\u00e9sultat d&#8217;une hyperactivit\u00e9 de certaines zones du cerveau<\/li>\n\n\n\n<li>Une souffrance r\u00e9elle qui m\u00e9rite respect et compr\u00e9hension<\/li>\n<\/ul>\n\n\n\n<h2 class=\"wp-block-heading\" id=\"conclusion-nommer-pour-mieux-guerir\">Conclusion : Nommer pour Mieux Gu\u00e9rir<\/h2>\n\n\n\n<p>Alors, c&#8217;est quoi l&#8217;anxi\u00e9t\u00e9 sociale ? C&#8217;est un syst\u00e8me d&#8217;alarme interne concernant le jugement d&#8217;autrui qui s&#8217;est d\u00e9r\u00e9gl\u00e9 et fonctionne en mode &#8220;alerte maximale&#8221; permanent. Ce n&#8217;est ni votre faute, ni une fatalit\u00e9.<\/p>\n\n\n\n<p>Le simple fait de pouvoir nommer pr\u00e9cis\u00e9ment votre exp\u00e9rience repr\u00e9sente d\u00e9j\u00e0 une victoire immense. Cela signifie que vous n&#8217;\u00eates pas seul(e) dans cette \u00e9preuve, que ce que vous vivez est reconnu et compris, et surtout, que des chemins de gu\u00e9rison existent et sont emprunt\u00e9s avec succ\u00e8s par de nombreuses personnes chaque jour.<\/p>\n\n\n\n<p>Comprendre, c&#8217;est d\u00e9j\u00e0 commencer \u00e0 reprendre le pouvoir sur cette peur qui a peut-\u00eatre trop longtemps dict\u00e9 vos choix. Vous m\u00e9ritez de vivre pleinement vos relations sociales, avec spontan\u00e9it\u00e9 et plaisir.<\/p>\n\n\n\n<h2 class=\"wp-block-heading\" id=\"questions-frequentes\">Questions Fr\u00e9quentes<\/h2>\n\n\n\n<h3 class=\"wp-block-heading\" id=\"lanxiete-sociale-a-t-elle-une-origine-genetique\">L&#8217;anxi\u00e9t\u00e9 sociale a-t-elle une origine g\u00e9n\u00e9tique ?<\/h3>\n\n\n\n<p>Il existe effectivement une pr\u00e9disposition h\u00e9r\u00e9ditaire. Avoir un parent proche souffrant de ce trouble multiplie le risque par 2 \u00e0 3. Cependant, les facteurs environnementaux (exp\u00e9riences de vie, \u00e9ducation, traumatismes) jouent un r\u00f4le tout aussi d\u00e9terminant.<\/p>\n\n\n\n<h3 class=\"wp-block-heading\" id=\"cette-condition-peut-elle-saggraver-avec-lage\">Cette condition peut-elle s&#8217;aggraver avec l&#8217;\u00e2ge ?<\/h3>\n\n\n\n<p>Sans intervention appropri\u00e9e, l&#8217;anxi\u00e9t\u00e9 sociale tend malheureusement \u00e0 devenir chronique et peut s&#8217;intensifier, car l&#8217;\u00e9vitement r\u00e9p\u00e9t\u00e9 renforce paradoxalement la peur. Cependant, il n&#8217;est jamais trop tard pour entreprendre une d\u00e9marche th\u00e9rapeutique, quel que soit votre \u00e2ge.<\/p>\n\n\n\n<h3 class=\"wp-block-heading\" id=\"comment-soutenir-efficacement-un-proche-souffrant-danxiete-sociale\">Comment soutenir efficacement un proche souffrant d&#8217;anxi\u00e9t\u00e9 sociale ?<\/h3>\n\n\n\n<p>La cl\u00e9 r\u00e9side dans l&#8217;empathie et la patience. \u00c9vitez absolument les phrases comme &#8220;ce n&#8217;est rien, force-toi !&#8221; qui minimisent sa souffrance. Validez plut\u00f4t son ressenti, montrez-vous disponible sans forcer, et encouragez d\u00e9licatement une consultation professionnelle sans exercer de pression.<\/p>\n\n\n\n<h3 class=\"wp-block-heading\" id=\"levitement-constant-est-il-un-signe-revelateur\">L&#8217;\u00e9vitement constant est-il un signe r\u00e9v\u00e9lateur ?<\/h3>\n\n\n\n<p>Absolument. L&#8217;\u00e9vitement syst\u00e9matique des situations sociales constitue l&#8217;un des sympt\u00f4mes comportementaux les plus caract\u00e9ristiques. C&#8217;est la strat\u00e9gie principale d\u00e9velopp\u00e9e pour \u00e9chapper \u00e0 l&#8217;angoisse, mais elle maintient et renforce paradoxalement le trouble.<\/p>\n\n\n\n<h3 class=\"wp-block-heading\" id=\"peut-on-guerir-completement-de-lanxiete-sociale\">Peut-on gu\u00e9rir compl\u00e8tement de l&#8217;anxi\u00e9t\u00e9 sociale ?<\/h3>\n\n\n\n<p>Avec un accompagnement th\u00e9rapeutique adapt\u00e9, la grande majorit\u00e9 des personnes voient leurs sympt\u00f4mes diminuer tr\u00e8s significativement. Beaucoup retrouvent une vie sociale pleinement \u00e9panouie, m\u00eame si une certaine vigilance peut parfois rester n\u00e9cessaire dans des situations particuli\u00e8rement stressantes.<\/p>\n\n\n\n<p>\u200b<\/p>\n","protected":false},"excerpt":{"rendered":"<p>Vous vous demandez c&#8217;est quoi l&#8217;anxi\u00e9t\u00e9 sociale ? D\u00e9couvrez une&#8230;<\/p>\n","protected":false},"author":1,"featured_media":1899,"comment_status":"open","ping_status":"open","sticky":false,"template":"","format":"standard","meta":{"_monsterinsights_skip_tracking":false,"_monsterinsights_sitenote_active":false,"_monsterinsights_sitenote_note":"","_monsterinsights_sitenote_category":0,"_kad_post_transparent":"","_kad_post_title":"","_kad_post_layout":"","_kad_post_sidebar_id":"","_kad_post_content_style":"","_kad_post_vertical_padding":"","_kad_post_feature":"","_kad_post_feature_position":"","_kad_post_header":false,"_kad_post_footer":false,"footnotes":""},"categories":[1],"tags":[],"class_list":["post-1898","post","type-post","status-publish","format-standard","has-post-thumbnail","hentry","category-uncategorized"],"_links":{"self":[{"href":"https:\/\/anxietysolve.org\/fr\/wp-json\/wp\/v2\/posts\/1898","targetHints":{"allow":["GET"]}}],"collection":[{"href":"https:\/\/anxietysolve.org\/fr\/wp-json\/wp\/v2\/posts"}],"about":[{"href":"https:\/\/anxietysolve.org\/fr\/wp-json\/wp\/v2\/types\/post"}],"author":[{"embeddable":true,"href":"https:\/\/anxietysolve.org\/fr\/wp-json\/wp\/v2\/users\/1"}],"replies":[{"embeddable":true,"href":"https:\/\/anxietysolve.org\/fr\/wp-json\/wp\/v2\/comments?post=1898"}],"version-history":[{"count":1,"href":"https:\/\/anxietysolve.org\/fr\/wp-json\/wp\/v2\/posts\/1898\/revisions"}],"predecessor-version":[{"id":1900,"href":"https:\/\/anxietysolve.org\/fr\/wp-json\/wp\/v2\/posts\/1898\/revisions\/1900"}],"wp:featuredmedia":[{"embeddable":true,"href":"https:\/\/anxietysolve.org\/fr\/wp-json\/wp\/v2\/media\/1899"}],"wp:attachment":[{"href":"https:\/\/anxietysolve.org\/fr\/wp-json\/wp\/v2\/media?parent=1898"}],"wp:term":[{"taxonomy":"category","embeddable":true,"href":"https:\/\/anxietysolve.org\/fr\/wp-json\/wp\/v2\/categories?post=1898"},{"taxonomy":"post_tag","embeddable":true,"href":"https:\/\/anxietysolve.org\/fr\/wp-json\/wp\/v2\/tags?post=1898"}],"curies":[{"name":"wp","href":"https:\/\/api.w.org\/{rel}","templated":true}]}}