{"id":473,"date":"2024-11-24T12:14:19","date_gmt":"2024-11-24T12:14:19","guid":{"rendered":"https:\/\/anxietesociale.com\/?p=473"},"modified":"2025-06-30T08:29:29","modified_gmt":"2025-06-30T08:29:29","slug":"anxiete-sociale-symptomes","status":"publish","type":"post","link":"https:\/\/anxietysolve.org\/fr\/anxiete-sociale-symptomes\/","title":{"rendered":"Anxi\u00e9t\u00e9 Sociale : Reconna\u00eetre Tous les Sympt\u00f4mes Pour Mieux S&#8217;en Sortir"},"content":{"rendered":"\n<p>Palpitations, blocages mentaux, \u00e9vitement social&#8230; D\u00e9couvrez tous les sympt\u00f4mes de l&#8217;anxi\u00e9t\u00e9 sociale et les solutions efficaces pour reprendre confiance en vous.<\/p>\n\n\n\n<p><em><em>R\u00e9dig\u00e9 par : Sophie Moreau, sp\u00e9cialis\u00e9e en bien-\u00eatre et sant\u00e9 mentale.<\/em><\/em><br><em>Relu et valid\u00e9 m\u00e9dicalement par : Dr. Am\u00e9lie Dubois, Psychologue Clinicienne.<\/em><\/p>\n\n\n\n<blockquote class=\"wp-block-quote is-layout-flow wp-block-quote-is-layout-flow\">\n<p><strong>Avertissement m\u00e9dical :<\/strong> Cet article a pour but d&#8217;informer et ne remplace en aucun cas un diagnostic ou un avis m\u00e9dical professionnel. Consultez toujours un professionnel de sant\u00e9 pour toute question m\u00e9dicale.<\/p>\n<\/blockquote>\n\n\n\n<div class=\"wp-block-rank-math-toc-block\" id=\"rank-math-toc\"><h2>Table of Contents<\/h2><nav><ul><li><a href=\"#introduction-au-dela-de-la-simple-gene\">Introduction : Au-del\u00e0 de la Simple G\u00eane<\/a><\/li><li><a href=\"#les-manifestations-physiques-quand-votre-corps-sonne-l-alarme\">Les Manifestations Physiques : Quand Votre Corps Sonne l&#8217;Alarme<\/a><ul><\/ul><\/li><li><a href=\"#les-manifestations-cognitives-la-tempete-a-l-interieur\">Les Manifestations Cognitives : La Temp\u00eate \u00e0 l&#8217;Int\u00e9rieur<\/a><ul><\/ul><\/li><li><a href=\"#les-reactions-emotionnelles-quand-l-emotion-submerge\">Les R\u00e9actions \u00c9motionnelles : Quand l&#8217;\u00c9motion Submerge<\/a><ul><\/ul><\/li><li><a href=\"#les-comportements-d-evitement-quand-la-fuite-devient-reflexe\">Les Comportements d&#8217;\u00c9vitement : Quand la Fuite Devient R\u00e9flexe<\/a><ul><\/ul><\/li><li><a href=\"#anxiete-sociale-ou-simple-timidite-faire-la-distinction-cruciale\">Anxi\u00e9t\u00e9 Sociale ou Simple Timidit\u00e9 ? Faire la Distinction Cruciale<\/a><\/li><li><a href=\"#quand-faut-il-consulter-les-signaux-d-alarme\">Quand Faut-il Consulter ? Les Signaux d&#8217;Alarme<\/a><\/li><li><a href=\"#solutions-efficaces-comment-reprendre-le-controle\">Solutions Efficaces : Comment Reprendre le Contr\u00f4le<\/a><ul><\/ul><\/li><li><a href=\"#construire-une-strategie-de-guerison-a-long-terme\">Construire une Strat\u00e9gie de Gu\u00e9rison \u00e0 Long Terme<\/a><ul><\/ul><\/li><li><a href=\"#conclusion-votre-liberte-sociale-vous-attend\">Conclusion : Votre Libert\u00e9 Sociale Vous Attend<\/a><\/li><\/ul><\/nav><\/div>\n\n\n\n<h2 class=\"wp-block-heading\" id=\"introduction-au-dela-de-la-simple-gene\">Introduction : Au-del\u00e0 de la Simple G\u00eane<\/h2>\n\n\n\n<p>Votre c\u0153ur s&#8217;emballe \u00e0 l&#8217;id\u00e9e de prendre la parole en r\u00e9union ? Une simple conversation avec un inconnu vous semble insurmontable ? Ces r\u00e9actions d\u00e9passent largement la timidit\u00e9 ordinaire.<\/p>\n\n\n\n<p>L&#8217;<a href=\"https:\/\/anxietysolve.org\/fr\/\">anxi\u00e9t\u00e9 sociale<\/a>, ou phobie sociale, touche pr\u00e8s d&#8217;une personne sur dix en France. Contrairement \u00e0 la g\u00eane passag\u00e8re, elle peut v\u00e9ritablement handicaper votre quotidien, vos relations et votre carri\u00e8re professionnelle.<\/p>\n\n\n\n<p>Dans ce guide complet, nous explorerons en d\u00e9tail toutes les manifestations de ce trouble : des palpitations aux blocages mentaux, en passant par les strat\u00e9gies d&#8217;\u00e9vitement. Comprendre ces signes est la premi\u00e8re \u00e9tape cruciale pour retrouver votre libert\u00e9 sociale.<\/p>\n\n\n\n<h2 class=\"wp-block-heading\" id=\"les-manifestations-physiques-quand-votre-corps-sonne-l-alarme\">Les Manifestations Physiques : Quand Votre Corps Sonne l&#8217;Alarme<\/h2>\n\n\n\n<p>Votre organisme r\u00e9agit \u00e0 la pression sociale comme \u00e0 un v\u00e9ritable danger. Cette r\u00e9ponse de &#8220;combat ou fuite&#8221; d\u00e9clenche une cascade de r\u00e9actions physiques souvent impressionnantes.<\/p>\n\n\n\n<h3 class=\"wp-block-heading\" id=\"symptomes-cardiovasculaires\">Sympt\u00f4mes Cardiovasculaires<\/h3>\n\n\n\n<p><strong>Palpitations cardiaques intenses<\/strong> : Votre c\u0153ur bat si fort que vous l&#8217;entendez r\u00e9sonner dans vos oreilles. Cette acc\u00e9l\u00e9ration brutale r\u00e9sulte de la lib\u00e9ration d&#8217;adr\u00e9naline qui pr\u00e9pare votre corps \u00e0 &#8220;fuir&#8221; le danger social per\u00e7u.<\/p>\n\n\n\n<p><strong>Sensation de c\u0153ur qui s&#8217;emballe<\/strong> : Comme si vous veniez de courir un sprint, alors que vous \u00eates simplement face \u00e0 une conversation.<\/p>\n\n\n\n<h3 class=\"wp-block-heading\" id=\"troubles-respiratoires\">Troubles Respiratoires<\/h3>\n\n\n\n<p><strong>Souffle court et hyperventilation<\/strong> : Votre respiration devient rapide et superficielle. Vous avez l&#8217;impression de manquer d&#8217;air, cr\u00e9ant parfois une sensation de panique qui amplifie encore les sympt\u00f4mes.<\/p>\n\n\n\n<p><strong>Sensation d&#8217;\u00e9touffement<\/strong> : Une impression troublante que l&#8217;air ne passe plus, particuli\u00e8rement fr\u00e9quente avant les situations redout\u00e9es.<\/p>\n\n\n\n<h3 class=\"wp-block-heading\" id=\"reactions-neuromusculaires\">R\u00e9actions Neuromusculaires<\/h3>\n\n\n\n<p><strong>Tremblements incontr\u00f4lables<\/strong> : Vos mains, votre voix ou vos jambes tremblent malgr\u00e9 tous vos efforts pour les contr\u00f4ler. Ces tremblements trahissent votre \u00e9tat interne et peuvent cr\u00e9er une spirale de honte suppl\u00e9mentaire.<\/p>\n\n\n\n<p><strong>Voix qui flanche<\/strong> : Votre voix devient chevrotante, s&#8217;\u00e9trangle ou change de tonalit\u00e9, rendant difficile de para\u00eetre serein.<\/p>\n\n\n\n<p><strong>Tensions musculaires<\/strong> : Particuli\u00e8rement au niveau des \u00e9paules et de la nuque, ces contractures involontaires traduisent l&#8217;\u00e9tat d&#8217;alerte constant.<\/p>\n\n\n\n<h3 class=\"wp-block-heading\" id=\"manifestations-dermatologiques\">Manifestations Dermatologiques<\/h3>\n\n\n\n<p><strong>Rougissement soudain<\/strong> : Votre visage devient cramoisi en quelques secondes, cr\u00e9ant une g\u00eane suppl\u00e9mentaire car ce sympt\u00f4me est visible par tous.<\/p>\n\n\n\n<p><strong>Transpiration excessive<\/strong> : Des sueurs froides apparaissent, notamment aux mains, au front ou sous les aisselles, souvent accompagn\u00e9es de bouff\u00e9es de chaleur.<\/p>\n\n\n\n<h3 class=\"wp-block-heading\" id=\"troubles-digestifs\">Troubles Digestifs<\/h3>\n\n\n\n<p><strong>Naus\u00e9es et maux d&#8217;estomac<\/strong> : L&#8217;anxi\u00e9t\u00e9 perturbe directement votre syst\u00e8me digestif, provoquant cette sensation d\u00e9sagr\u00e9able d&#8217;estomac nou\u00e9.<\/p>\n\n\n\n<p><strong>Troubles intestinaux<\/strong> : Diarrh\u00e9e de stress ou constipation peuvent accompagner les \u00e9pisodes d&#8217;anxi\u00e9t\u00e9 anticipatoire.<\/p>\n\n\n\n<h2 class=\"wp-block-heading\" id=\"les-manifestations-cognitives-la-tempete-a-l-interieur\">Les Manifestations Cognitives : La Temp\u00eate \u00e0 l&#8217;Int\u00e9rieur<\/h2>\n\n\n\n<p>Au-del\u00e0 du corps, l&#8217;anxi\u00e9t\u00e9 sociale s&#8217;attaque directement \u00e0 l&#8217;esprit, cr\u00e9ant un v\u00e9ritable brouillard mental qui peut \u00eatre paralysant.<\/p>\n\n\n\n<h3 class=\"wp-block-heading\" id=\"quand-la-concentration-fait-defaut\">Quand la Concentration Fait D\u00e9faut<\/h3>\n\n\n\n<p><strong>Le &#8220;blanc&#8221; ou blocage mental<\/strong> : En pleine conversation, votre esprit semble se vider compl\u00e8tement. Vous perdez le fil de vos id\u00e9es, incapable de vous souvenir de ce que vous vouliez dire.<\/p>\n\n\n\n<p><em>Pourquoi ?<\/em> Le stress intense peut temporairement &#8220;d\u00e9brancher&#8221; le cortex pr\u00e9frontal, la partie du cerveau qui g\u00e8re la pens\u00e9e complexe et la m\u00e9moire de travail.<\/p>\n\n\n\n<p><strong>Oublis et pertes de m\u00e9moire<\/strong> : Oublier des mots simples, le nom de votre interlocuteur ou m\u00eame le sujet de conversation, ce qui renforce le sentiment de ne pas \u00eatre \u00e0 la hauteur.<\/p>\n\n\n\n<h3 class=\"wp-block-heading\" id=\"le-cercle-vicieux-des-pensees-negatives\">Le Cercle Vicieux des Pens\u00e9es N\u00e9gatives<\/h3>\n\n\n\n<p>Votre esprit devient envahi de certitudes n\u00e9gatives automatiques :<\/p>\n\n\n\n<ul class=\"wp-block-list\">\n<li>&#8220;Je vais dire quelque chose de stupide&#8221;<\/li>\n\n\n\n<li>&#8220;Tout le monde remarque \u00e0 quel point je suis nerveux&#8221;<\/li>\n\n\n\n<li>&#8220;Je n&#8217;ai rien d&#8217;int\u00e9ressant \u00e0 apporter&#8221;<\/li>\n\n\n\n<li>&#8220;Ils me trouvent bizarre&#8221;<\/li>\n<\/ul>\n\n\n\n<h3 class=\"wp-block-heading\" id=\"distorsions-de-la-realite\">Distorsions de la R\u00e9alit\u00e9<\/h3>\n\n\n\n<p><strong>Lecture de pens\u00e9es<\/strong> : Vous \u00eates convaincu de savoir ce que les autres pensent de vous, g\u00e9n\u00e9ralement des jugements n\u00e9gatifs.<\/p>\n\n\n\n<p><strong>Catastrophisme<\/strong> : Chaque interaction devient potentiellement catastrophique dans votre esprit.<\/p>\n\n\n\n<p><strong>Ruminations post-\u00e9v\u00e9nement<\/strong> : Apr\u00e8s une situation sociale, vous repassez la sc\u00e8ne en boucle, vous focalisant uniquement sur vos erreurs per\u00e7ues.<\/p>\n\n\n\n<h2 class=\"wp-block-heading\" id=\"les-reactions-emotionnelles-quand-l-emotion-submerge\">Les R\u00e9actions \u00c9motionnelles : Quand l&#8217;\u00c9motion Submerge<\/h2>\n\n\n\n<h3 class=\"wp-block-heading\" id=\"l-anxiete-anticipatoire\">L&#8217;Anxi\u00e9t\u00e9 Anticipatoire<\/h3>\n\n\n\n<p>L&#8217;une des manifestations les plus handicapantes : l&#8217;angoisse qui surgit bien avant l&#8217;\u00e9v\u00e9nement redout\u00e9. Vous pouvez passer des jours, voire des semaines, \u00e0 appr\u00e9hender une simple r\u00e9union ou une soir\u00e9e entre amis.<\/p>\n\n\n\n<h3 class=\"wp-block-heading\" id=\"emotions-debordantes\">\u00c9motions D\u00e9bordantes<\/h3>\n\n\n\n<p><strong>Peur panique<\/strong> : Une terreur intense qui peut aller jusqu&#8217;\u00e0 l&#8217;attaque de panique compl\u00e8te \u00e0 l&#8217;id\u00e9e d&#8217;\u00eatre jug\u00e9 ou humili\u00e9.<\/p>\n\n\n\n<p><strong>Honte profonde<\/strong> : Un sentiment toxique d&#8217;\u00eatre fondamentalement d\u00e9faillant ou inf\u00e9rieur aux autres dans les situations sociales.<\/p>\n\n\n\n<p><strong>Sentiment d&#8217;impuissance<\/strong> : L&#8217;impression d&#8217;\u00eatre pi\u00e9g\u00e9 dans ces r\u00e9actions, incapable de les contr\u00f4ler malgr\u00e9 tous vos efforts.<\/p>\n\n\n\n<h2 class=\"wp-block-heading\" id=\"les-comportements-d-evitement-quand-la-fuite-devient-reflexe\">Les Comportements d&#8217;\u00c9vitement : Quand la Fuite Devient R\u00e9flexe<\/h2>\n\n\n\n<h3 class=\"wp-block-heading\" id=\"strategies-d-evitement-direct\">Strat\u00e9gies d&#8217;\u00c9vitement Direct<\/h3>\n\n\n\n<p><strong>Refus syst\u00e9matique des invitations<\/strong> : D\u00e9cliner les \u00e9v\u00e9nements sociaux devient automatique, privant progressivement votre vie de moments de partage.<\/p>\n\n\n\n<p><strong>\u00c9vitement des situations de performance<\/strong> : \u00c9viter de prendre la parole en public, de participer aux r\u00e9unions ou m\u00eame de passer des coups de t\u00e9l\u00e9phone professionnels.<\/p>\n\n\n\n<p><strong>Isolement progressif<\/strong> : R\u00e9duction drastique des contacts sociaux, cr\u00e9ant un cercle vicieux o\u00f9 la peur grandit faute de confrontation positive.<\/p>\n\n\n\n<h3 class=\"wp-block-heading\" id=\"comportements-de-securite-subtils\">Comportements de S\u00e9curit\u00e9 Subtils<\/h3>\n\n\n\n<p><strong>Pr\u00e9paration obsessionnelle<\/strong> : R\u00e9p\u00e9ter mentalement chaque interaction possible, pr\u00e9parer des listes de sujets de conversation &#8220;au cas o\u00f9&#8221;.<\/p>\n\n\n\n<p><strong>\u00c9vitement du regard<\/strong> : Fixer ses pieds, son t\u00e9l\u00e9phone ou regarder par la fen\u00eatre pour \u00e9viter le contact visuel direct.<\/p>\n\n\n\n<p><strong>Positionnement strat\u00e9gique<\/strong> : Toujours se placer pr\u00e8s d&#8217;une sortie, arriver en retard pour \u00e9viter les conversations d&#8217;accueil.<\/p>\n\n\n\n<h3 class=\"wp-block-heading\" id=\"procrastination-sociale\">Procrastination Sociale<\/h3>\n\n\n\n<ul class=\"wp-block-list\">\n<li>Reporter ind\u00e9finiment les appels importants<\/li>\n\n\n\n<li>Remettre \u00e0 plus tard les rendez-vous professionnels cruciaux<\/li>\n\n\n\n<li>\u00c9viter les confrontations n\u00e9cessaires mais redout\u00e9es<\/li>\n<\/ul>\n\n\n\n<h2 class=\"wp-block-heading\" id=\"anxiete-sociale-ou-simple-timidite-faire-la-distinction-cruciale\">Anxi\u00e9t\u00e9 Sociale ou Simple Timidit\u00e9 ? Faire la Distinction Cruciale<\/h2>\n\n\n\n<p>Il est essentiel de diff\u00e9rencier l&#8217;anxi\u00e9t\u00e9 sociale pathologique de la timidit\u00e9 normale :<\/p>\n\n\n\n<figure class=\"wp-block-table\"><table class=\"has-fixed-layout\"><thead><tr><th>Crit\u00e8re<\/th><th>Timidit\u00e9 Normale<\/th><th>Anxi\u00e9t\u00e9 Sociale (Trouble)<\/th><\/tr><\/thead><tbody><tr><td><strong>Intensit\u00e9<\/strong><\/td><td>G\u00eane l\u00e9g\u00e8re, g\u00e9rable<\/td><td>Peur panique, paralysante<\/td><\/tr><tr><td><strong>Dur\u00e9e<\/strong><\/td><td>Quelques minutes<\/td><td>Plusieurs heures \u00e0 plusieurs jours<\/td><\/tr><tr><td><strong>Impact fonctionnel<\/strong><\/td><td>N&#8217;emp\u00eache pas les activit\u00e9s importantes<\/td><td>\u00c9vitement syst\u00e9matique, handicap r\u00e9el<\/td><\/tr><tr><td><strong>Fr\u00e9quence<\/strong><\/td><td>Situationnel et rare<\/td><td>G\u00e9n\u00e9ralis\u00e9 \u00e0 la plupart des interactions<\/td><\/tr><tr><td><strong>R\u00e9cup\u00e9ration<\/strong><\/td><td>Rapide adaptation<\/td><td>Ruminations prolong\u00e9es<\/td><\/tr><tr><td><strong>Pens\u00e9es<\/strong><\/td><td>&#8220;J&#8217;esp\u00e8re que \u00e7a se passera bien&#8221;<\/td><td>&#8220;Je suis s\u00fbr(e) que je vais me ridiculiser&#8221;<\/td><\/tr><\/tbody><\/table><\/figure>\n\n\n\n<p>Si vous vous reconnaissez majoritairement dans la colonne droite, il est probable que vous souffriez d&#8217;anxi\u00e9t\u00e9 sociale n\u00e9cessitant une prise en charge.<\/p>\n\n\n\n<h2 class=\"wp-block-heading\" id=\"quand-faut-il-consulter-les-signaux-d-alarme\">Quand Faut-il Consulter ? Les Signaux d&#8217;Alarme<\/h2>\n\n\n\n<p>Demandez l&#8217;aide d&#8217;un professionnel si :<\/p>\n\n\n\n<ul class=\"wp-block-list\">\n<li>Vos sympt\u00f4mes persistent depuis plus de 6 mois<\/li>\n\n\n\n<li>Ils interf\u00e8rent significativement avec votre travail, vos \u00e9tudes ou vos relations<\/li>\n\n\n\n<li>Vous d\u00e9veloppez des strat\u00e9gies d&#8217;\u00e9vitement de plus en plus \u00e9tendues<\/li>\n\n\n\n<li>Vous ressentez une d\u00e9tresse psychologique importante<\/li>\n\n\n\n<li>Des pens\u00e9es d&#8217;auto-d\u00e9pr\u00e9ciation s\u00e9v\u00e8res apparaissent<\/li>\n<\/ul>\n\n\n\n<h2 class=\"wp-block-heading\" id=\"solutions-efficaces-comment-reprendre-le-controle\">Solutions Efficaces : Comment Reprendre le Contr\u00f4le<\/h2>\n\n\n\n<h3 class=\"wp-block-heading\" id=\"les-therapies-comportementales-et-cognitives-tcc\">Les Th\u00e9rapies Comportementales et Cognitives (TCC)<\/h3>\n\n\n\n<p><strong>Le traitement de r\u00e9f\u00e9rence<\/strong>, recommand\u00e9 par la Haute Autorit\u00e9 de Sant\u00e9, comprend :<\/p>\n\n\n\n<p><strong>Restructuration cognitive<\/strong> : Apprendre \u00e0 identifier et remettre en question vos pens\u00e9es n\u00e9gatives automatiques.<\/p>\n\n\n\n<p><strong>Exposition progressive<\/strong> : Affronter graduellement les situations redout\u00e9es, en commen\u00e7ant par les moins anxiog\u00e8nes.<\/p>\n\n\n\n<p><strong>Techniques de relaxation<\/strong> : Ma\u00eetriser des outils concrets pour g\u00e9rer les manifestations physiques.<\/p>\n\n\n\n<h3 class=\"wp-block-heading\" id=\"techniques-d-auto-assistance-immediatement-applicables\">Techniques d&#8217;Auto-Assistance Imm\u00e9diatement Applicables<\/h3>\n\n\n\n<p><strong>Respiration 4-7-8 pour calmer l&#8217;urgence<\/strong> :<\/p>\n\n\n\n<ol class=\"wp-block-list\">\n<li>Inspirez par le nez pendant 4 secondes<\/li>\n\n\n\n<li>Retenez votre souffle pendant 7 secondes<\/li>\n\n\n\n<li>Expirez lentement par la bouche pendant 8 secondes<\/li>\n\n\n\n<li>R\u00e9p\u00e9tez 3 \u00e0 4 cycles<\/li>\n<\/ol>\n\n\n\n<p><strong>Technique d&#8217;ancrage sensoriel<\/strong> (pour vous reconnecter au pr\u00e9sent) :<\/p>\n\n\n\n<ul class=\"wp-block-list\">\n<li>Identifiez 5 choses que vous voyez autour de vous<\/li>\n\n\n\n<li>4 choses que vous entendez<\/li>\n\n\n\n<li>3 choses que vous pouvez toucher<\/li>\n\n\n\n<li>2 choses que vous sentez (odeurs)<\/li>\n\n\n\n<li>1 chose que vous go\u00fbtez<\/li>\n<\/ul>\n\n\n\n<h3 class=\"wp-block-heading\" id=\"approches-complementaires-validees\">Approches Compl\u00e9mentaires Valid\u00e9es<\/h3>\n\n\n\n<p><strong>M\u00e9ditation de pleine conscience<\/strong> : Des \u00e9tudes montrent une r\u00e9duction significative des sympt\u00f4mes anxieux apr\u00e8s 8 semaines de pratique r\u00e9guli\u00e8re.<\/p>\n\n\n\n<p><strong>Exercice physique r\u00e9gulier<\/strong> : L&#8217;activit\u00e9 physique lib\u00e8re des endorphines naturelles et r\u00e9duit les hormones de stress.<\/p>\n\n\n\n<p><strong>Hygi\u00e8ne de sommeil optimale<\/strong> : Un sommeil de qualit\u00e9 am\u00e9liore directement votre capacit\u00e9 \u00e0 g\u00e9rer les \u00e9motions et le stress social.<\/p>\n\n\n\n<h2 class=\"wp-block-heading\" id=\"construire-une-strategie-de-guerison-a-long-terme\">Construire une Strat\u00e9gie de Gu\u00e9rison \u00e0 Long Terme<\/h2>\n\n\n\n<h3 class=\"wp-block-heading\" id=\"habitudes-quotidiennes-transformatrices\">Habitudes Quotidiennes Transformatrices<\/h3>\n\n\n\n<p><strong>D\u00e9fi social quotidien<\/strong> : Commencez petit (dire bonjour \u00e0 un voisin) et progressez graduellement vers des interactions plus complexes.<\/p>\n\n\n\n<p><strong>Journal de gratitude sociale<\/strong> : Notez quotidiennement 3 interactions positives, m\u00eame br\u00e8ves, pour reprogrammer votre focus mental.<\/p>\n\n\n\n<p><strong>Auto-compassion active<\/strong> : Traitez-vous avec la m\u00eame bienveillance que vous accorderiez \u00e0 un ami dans la m\u00eame situation.<\/p>\n\n\n\n<h3 class=\"wp-block-heading\" id=\"construire-un-reseau-de-soutien\">Construire un R\u00e9seau de Soutien<\/h3>\n\n\n\n<ul class=\"wp-block-list\">\n<li>Rejoindre des groupes de soutien sp\u00e9cialis\u00e9s<\/li>\n\n\n\n<li>Partager votre exp\u00e9rience avec des proches de confiance<\/li>\n\n\n\n<li>Explorer les communaut\u00e9s en ligne d\u00e9di\u00e9es \u00e0 l&#8217;anxi\u00e9t\u00e9 sociale<\/li>\n<\/ul>\n\n\n\n<h2 class=\"wp-block-heading\" id=\"conclusion-votre-liberte-sociale-vous-attend\">Conclusion : Votre Libert\u00e9 Sociale Vous Attend<\/h2>\n\n\n\n<p>Reconna\u00eetre ces manifestations multiples de l&#8217;anxi\u00e9t\u00e9 sociale n&#8217;est pas un aveu de faiblesse, mais un acte de courage et de lucidit\u00e9. Ces sympt\u00f4mes physiques, cognitifs et comportementaux ne d\u00e9finissent pas qui vous \u00eates.<\/p>\n\n\n\n<p>Avec les bonnes strat\u00e9gies, un accompagnement professionnel adapt\u00e9 et surtout de la patience envers vous-m\u00eame, il est parfaitement possible de retrouver le plaisir des interactions humaines authentiques.<\/p>\n\n\n\n<p>Chaque petit pas compte. Chaque victoire, m\u00eame minuscule, m\u00e9rite d&#8217;\u00eatre c\u00e9l\u00e9br\u00e9e. Vous avez le droit de vous sentir libre et confiant dans vos relations sociales.<\/p>\n\n\n\n<h2 class=\"wp-block-heading\" id=\"questions-frequentes\">Questions Fr\u00e9quentes<\/h2>\n\n\n\n<h3 class=\"wp-block-heading\" id=\"lanxiete-sociale-peut-elle-guerir-completement\">L&#8217;anxi\u00e9t\u00e9 sociale peut-elle gu\u00e9rir compl\u00e8tement ?<\/h3>\n\n\n\n<p>Avec un traitement appropri\u00e9, la grande majorit\u00e9 des personnes voient leurs sympt\u00f4mes diminuer significativement. Beaucoup retrouvent une vie sociale \u00e9panouie, m\u00eame si une vigilance peut rester n\u00e9cessaire dans certaines situations.<\/p>\n\n\n\n<h3 class=\"wp-block-heading\" id=\"combien-de-temps-faut-il-pour-voir-des-progres\">Combien de temps faut-il pour voir des progr\u00e8s ?<\/h3>\n\n\n\n<p>Avec une TCC bien men\u00e9e, les premiers changements apparaissent g\u00e9n\u00e9ralement apr\u00e8s 6 \u00e0 8 s\u00e9ances. Une am\u00e9lioration substantielle n\u00e9cessite souvent 3 \u00e0 6 mois de travail r\u00e9gulier.<\/p>\n\n\n\n<h3 class=\"wp-block-heading\" id=\"les-medicaments-sont-ils-indispensables\">Les m\u00e9dicaments sont-ils indispensables ?<\/h3>\n\n\n\n<p>Pas syst\u00e9matiquement. Les th\u00e9rapies seules sont souvent suffisantes. Dans les cas s\u00e9v\u00e8res, les antid\u00e9presseurs (ISRS) peuvent \u00eatre propos\u00e9s en compl\u00e9ment, jamais en remplacement de la th\u00e9rapie.<\/p>\n\n\n\n<h3 class=\"wp-block-heading\" id=\"comment-aider-un-proche-qui-souffre-danxiete-sociale\">Comment aider un proche qui souffre d&#8217;anxi\u00e9t\u00e9 sociale ?<\/h3>\n\n\n\n<p>\u00c9vitez les phrases comme &#8220;ce n&#8217;est rien&#8221; ou &#8220;il faut juste y aller&#8221;. Montrez de l&#8217;empathie, valorisez chaque petit progr\u00e8s et encouragez doucement la consultation d&#8217;un professionnel sans faire pression.<\/p>\n\n\n\n<h3 class=\"wp-block-heading\" id=\"peut-on-prevenir-lanxiete-sociale\">Peut-on pr\u00e9venir l&#8217;anxi\u00e9t\u00e9 sociale ?<\/h3>\n\n\n\n<p>Certains facteurs protecteurs existent : d\u00e9veloppement pr\u00e9coce des comp\u00e9tences sociales, exposition progressive et bienveillante aux situations sociales d\u00e8s l&#8217;enfance, gestion du stress familial et soutien \u00e9motionnel solide.<\/p>\n\n\n\n<h2 class=\"wp-block-heading\" id=\"introduction\"><\/h2>\n","protected":false},"excerpt":{"rendered":"<p>D\u00e9couvrez les sympt\u00f4mes cl\u00e9s, les causes profondes et les solutions efficaces pour retrouver confiance et s\u00e9r\u00e9nit\u00e9 dans vos interactions quotidiennes<\/p>\n","protected":false},"author":1,"featured_media":476,"comment_status":"open","ping_status":"open","sticky":false,"template":"","format":"standard","meta":{"_monsterinsights_skip_tracking":false,"_monsterinsights_sitenote_active":false,"_monsterinsights_sitenote_note":"","_monsterinsights_sitenote_category":0,"_kad_post_transparent":"","_kad_post_title":"","_kad_post_layout":"","_kad_post_sidebar_id":"","_kad_post_content_style":"","_kad_post_vertical_padding":"","_kad_post_feature":"","_kad_post_feature_position":"","_kad_post_header":false,"_kad_post_footer":false,"footnotes":""},"categories":[27],"tags":[],"class_list":["post-473","post","type-post","status-publish","format-standard","has-post-thumbnail","hentry","category-tout-ce-que-vous-devez-savoir-sur-lanxiete-sociale"],"_links":{"self":[{"href":"https:\/\/anxietysolve.org\/fr\/wp-json\/wp\/v2\/posts\/473","targetHints":{"allow":["GET"]}}],"collection":[{"href":"https:\/\/anxietysolve.org\/fr\/wp-json\/wp\/v2\/posts"}],"about":[{"href":"https:\/\/anxietysolve.org\/fr\/wp-json\/wp\/v2\/types\/post"}],"author":[{"embeddable":true,"href":"https:\/\/anxietysolve.org\/fr\/wp-json\/wp\/v2\/users\/1"}],"replies":[{"embeddable":true,"href":"https:\/\/anxietysolve.org\/fr\/wp-json\/wp\/v2\/comments?post=473"}],"version-history":[{"count":12,"href":"https:\/\/anxietysolve.org\/fr\/wp-json\/wp\/v2\/posts\/473\/revisions"}],"predecessor-version":[{"id":1887,"href":"https:\/\/anxietysolve.org\/fr\/wp-json\/wp\/v2\/posts\/473\/revisions\/1887"}],"wp:featuredmedia":[{"embeddable":true,"href":"https:\/\/anxietysolve.org\/fr\/wp-json\/wp\/v2\/media\/476"}],"wp:attachment":[{"href":"https:\/\/anxietysolve.org\/fr\/wp-json\/wp\/v2\/media?parent=473"}],"wp:term":[{"taxonomy":"category","embeddable":true,"href":"https:\/\/anxietysolve.org\/fr\/wp-json\/wp\/v2\/categories?post=473"},{"taxonomy":"post_tag","embeddable":true,"href":"https:\/\/anxietysolve.org\/fr\/wp-json\/wp\/v2\/tags?post=473"}],"curies":[{"name":"wp","href":"https:\/\/api.w.org\/{rel}","templated":true}]}}